{"id":21165,"date":"2020-02-12T23:41:14","date_gmt":"2020-02-12T23:41:14","guid":{"rendered":"http:\/\/notiissa.mx\/?p=21165"},"modified":"2020-02-12T23:41:14","modified_gmt":"2020-02-12T23:41:14","slug":"vamos-a-asegurarnos-que-los-chihuahuenses-tengan-el-transporte-publico-que-se-merecen-fam","status":"publish","type":"post","link":"https:\/\/notiissa.mx\/?p=21165","title":{"rendered":"\u201cVamos a asegurarnos que los chihuahuenses tengan el transporte p\u00fablico que se merecen\u201d: FAM"},"content":{"rendered":"<p><span style=\"font-size: large;\">El presidente de la Junta de Coordinaci\u00f3n Pol\u00edtica del Congreso del Estado, Fernando \u00c1lvarez Monje, anunci\u00f3 que tras haber recibido de manos del Ejecutivo Estatal la propuesta de nueva Ley de Transporte P\u00fablico para Chihuahua, el pr\u00f3ximo viernes 14 de febrero se llevar\u00e1 a cabo una reuni\u00f3n con representantes de concesionarios del transporte colectivo con el prop\u00f3sito de conocer sus inquietudes, recibir sus opiniones y as\u00ed enriquecer esta nueva norma que busca modernizar el servicio de transporte p\u00fablico en la entidad.<\/p>\n<p>\u201cAs\u00ed como el Estado tiene la obligaci\u00f3n de otorgar este servicio esencial para el desarrollo de los chihuahuenses, los concesionarios del transporte p\u00fablico est\u00e1n obligados a prestar un servicio seguro, confiable y de calidad\u201d, precis\u00f3 \u00c1lvarez Monje.<\/p>\n<p>Para alcanzar este objetivo, el presidente de la JUCOPO hizo un llamado a dejar de lado cualquier inter\u00e9s particular que impida que los chihuahuenses gocen de un transporte p\u00fablico digno, como el que se merecen.<\/span><\/p>\n","protected":false},"excerpt":{"rendered":"<p>El presidente de la Junta de Coordinaci\u00f3n Pol\u00edtica del Congreso del Estado, Fernando \u00c1lvarez Monje, anunci\u00f3 que tras haber recibido de manos del Ejecutivo Estatal la propuesta de nueva Ley de Transporte P\u00fablico para Chihuahua, el pr\u00f3ximo viernes 14 de febrero se llevar\u00e1 a cabo una reuni\u00f3n con representantes de concesionarios del transporte colectivo con [&hellip;]<\/p>\n","protected":false},"author":1,"featured_media":21166,"comment_status":"open","ping_status":"open","sticky":false,"template":"","format":"standard","meta":{"rop_custom_images_group":[],"rop_custom_messages_group":[],"rop_publish_now":"initial","rop_publish_now_accounts":[],"rop_publish_now_history":[],"rop_publish_now_status":"pending","footnotes":""},"categories":[72],"tags":[23],"class_list":["post-21165","post","type-post","status-publish","format-standard","has-post-thumbnail","hentry","category-estado","tag-destacado"],"_links":{"self":[{"href":"https:\/\/notiissa.mx\/index.php?rest_route=\/wp\/v2\/posts\/21165","targetHints":{"allow":["GET"]}}],"collection":[{"href":"https:\/\/notiissa.mx\/index.php?rest_route=\/wp\/v2\/posts"}],"about":[{"href":"https:\/\/notiissa.mx\/index.php?rest_route=\/wp\/v2\/types\/post"}],"author":[{"embeddable":true,"href":"https:\/\/notiissa.mx\/index.php?rest_route=\/wp\/v2\/users\/1"}],"replies":[{"embeddable":true,"href":"https:\/\/notiissa.mx\/index.php?rest_route=%2Fwp%2Fv2%2Fcomments&post=21165"}],"version-history":[{"count":1,"href":"https:\/\/notiissa.mx\/index.php?rest_route=\/wp\/v2\/posts\/21165\/revisions"}],"predecessor-version":[{"id":21167,"href":"https:\/\/notiissa.mx\/index.php?rest_route=\/wp\/v2\/posts\/21165\/revisions\/21167"}],"wp:featuredmedia":[{"embeddable":true,"href":"https:\/\/notiissa.mx\/index.php?rest_route=\/wp\/v2\/media\/21166"}],"wp:attachment":[{"href":"https:\/\/notiissa.mx\/index.php?rest_route=%2Fwp%2Fv2%2Fmedia&parent=21165"}],"wp:term":[{"taxonomy":"category","embeddable":true,"href":"https:\/\/notiissa.mx\/index.php?rest_route=%2Fwp%2Fv2%2Fcategories&post=21165"},{"taxonomy":"post_tag","embeddable":true,"href":"https:\/\/notiissa.mx\/index.php?rest_route=%2Fwp%2Fv2%2Ftags&post=21165"}],"curies":[{"name":"wp","href":"https:\/\/api.w.org\/{rel}","templated":true}]}}