{"id":21137,"date":"2020-02-12T18:56:09","date_gmt":"2020-02-12T18:56:09","guid":{"rendered":"http:\/\/notiissa.mx\/?p=21137"},"modified":"2020-02-12T18:56:09","modified_gmt":"2020-02-12T18:56:09","slug":"reportan-nieve-y-aguanieve-en-diversos-municipios","status":"publish","type":"post","link":"https:\/\/notiissa.mx\/?p=21137","title":{"rendered":"Reportan nieve y aguanieve en diversos municipios"},"content":{"rendered":"<p class=\"yiv2207880797gmail-MsoListParagraph\"><i>Chihuahua.-Debido a la Novena Tormenta Invernal, desde la noche del martes y hasta la madrugada de este mi\u00e9rcoles, se registraron precipitaciones en la franja fronteriza y zona serrana, por lo cual temporalmente han sido cerrados algunos tramos carreteros ante el riesgo de accidentes por cristalizaci\u00f3n \u00a0en la cinta asf\u00e1ltica.<\/i><\/p>\n<p class=\"yiv2207880797MsoNormal\">La Coordinaci\u00f3n Estatal de Protecci\u00f3n Civil report\u00f3 la ca\u00edda de nieve y aguanieve en diferentes puntos de la franja fronteriza, principalmente en <b>Ciudad Ju\u00e1rez, Janos, Praxedis G. Guerrero, Ahumada y Guadalupe<\/b>, desde la noche del 11 de febrero. Sin embargo, debido a que horas antes se presentaron lluvias, la acumulaci\u00f3n de nieve no fue significativa y se derriti\u00f3 r\u00e1pidamente.<\/p>\n<p class=\"yiv2207880797MsoNormal\">Las precipitaciones se registraron de forma intermitente desde las 14: horas del martes, y a las 23:00 horas se reinici\u00f3 la ca\u00edda de aguanieve y nieve \u00a0en la\u00a0 frontera, deteni\u00e9ndose cerca de las 8 de la ma\u00f1ana de este mi\u00e9rcoles 12.<\/p>\n<p class=\"yiv2207880797MsoNormal\">En la zona \u00a0noroeste el acopio de nieve fue de uno a 3 cent\u00edmetros en <b>Galeana<\/b>, y nevadas ligeras en Buenaventura de las 23:00 horas del d\u00eda 11 y hasta las 2 de la madrugada de este mi\u00e9rcoles.<\/p>\n<p class=\"yiv2207880797MsoNormal\">En la cabecera municipal de <b>Madera<\/b>, fueron entre 3 y 5 cent\u00edmetros de nieve asimismo, en las comunidades: Las Varas, Largo Maderal, Socorro Rivera y Agua Amarilla, de entre 8 y 10 cent\u00edmetros de espesor, motivo por el cual se cerr\u00f3 el tramo carretero de El Largo Maderal al punto conocido como Puerto Los Lobos, debido a la nieve en el pavimento; y en <b>Nuevo Casas Grandes<\/b> y <b>Casas Grandes<\/b>\u00a0 ca\u00edda ligera de nieve y aguanieve, de forma intermitente.<\/p>\n<p class=\"yiv2207880797MsoNormal\">En tanto que en la zona occidente, principalmente en <b>Guazaparez<\/b>, Basaseachi, <b>Ocampo<\/b>, Creel, <b>Bocoyna<\/b>, Ocoviachi, Sierra de Maguarichi, y Sierra del Tomate cay\u00f3 nieve y aguanieve.<\/p>\n<p class=\"yiv2207880797MsoNormal\">Por las condiciones climatol\u00f3gicas y la cristalizaci\u00f3n del pavimento, fueron cerrados los tramos carreteros: Creel-San Rafael, Creel- San Juanito, San Juanito-Basaseachi, Creel-Guachochi y Creel-La Junta, habiendo sido reabiertos al tr\u00e1nsito vehicular este 12 de febrero los dos \u00faltimos que se se\u00f1alan.<\/p>\n<p class=\"yiv2207880797MsoNormal\">En la zona suroeste la ca\u00edda de lluvia engelante se present\u00f3 principalmente en Guachochi, Tomochi y\u00a0 Guadalupe y Calvo, en donde con temperaturas m\u00ednimas de hasta -4 \u00b0C.<\/p>\n<p class=\"yiv2207880797MsoNormal\">Ante las condiciones climatol\u00f3gicas prevalecientes en el estado, la Secretar\u00eda de Comunicaciones y Obras P\u00fablicas de forma conjunta con la CEPC realizan trabajos de despeje en los segmentos carreteros afectados, mediante el esparcimiento de sal, para abrir nuevamente la circulaci\u00f3n vehicular.<\/p>\n<p class=\"yiv2207880797MsoNormal\">La dependencia estatal, inform\u00f3 que conforme a reportes de la Guardia Nacional, el tramo carretero conocido como Puerto San Luis que va de Janos a Agua Prieta, \u00a0ya se abri\u00f3 a la circulaci\u00f3n con medidas de precauci\u00f3n.<\/p>\n","protected":false},"excerpt":{"rendered":"<p>Chihuahua.-Debido a la Novena Tormenta Invernal, desde la noche del martes y hasta la madrugada de este mi\u00e9rcoles, se registraron precipitaciones en la franja fronteriza y zona serrana, por lo cual temporalmente han sido cerrados algunos tramos carreteros ante el riesgo de accidentes por cristalizaci\u00f3n \u00a0en la cinta asf\u00e1ltica. La Coordinaci\u00f3n Estatal de Protecci\u00f3n Civil [&hellip;]<\/p>\n","protected":false},"author":1,"featured_media":21138,"comment_status":"open","ping_status":"open","sticky":false,"template":"","format":"standard","meta":{"rop_custom_images_group":[],"rop_custom_messages_group":[],"rop_publish_now":"initial","rop_publish_now_accounts":[],"rop_publish_now_history":[],"rop_publish_now_status":"pending","footnotes":""},"categories":[72],"tags":[],"class_list":["post-21137","post","type-post","status-publish","format-standard","has-post-thumbnail","hentry","category-estado"],"_links":{"self":[{"href":"https:\/\/notiissa.mx\/index.php?rest_route=\/wp\/v2\/posts\/21137","targetHints":{"allow":["GET"]}}],"collection":[{"href":"https:\/\/notiissa.mx\/index.php?rest_route=\/wp\/v2\/posts"}],"about":[{"href":"https:\/\/notiissa.mx\/index.php?rest_route=\/wp\/v2\/types\/post"}],"author":[{"embeddable":true,"href":"https:\/\/notiissa.mx\/index.php?rest_route=\/wp\/v2\/users\/1"}],"replies":[{"embeddable":true,"href":"https:\/\/notiissa.mx\/index.php?rest_route=%2Fwp%2Fv2%2Fcomments&post=21137"}],"version-history":[{"count":1,"href":"https:\/\/notiissa.mx\/index.php?rest_route=\/wp\/v2\/posts\/21137\/revisions"}],"predecessor-version":[{"id":21139,"href":"https:\/\/notiissa.mx\/index.php?rest_route=\/wp\/v2\/posts\/21137\/revisions\/21139"}],"wp:featuredmedia":[{"embeddable":true,"href":"https:\/\/notiissa.mx\/index.php?rest_route=\/wp\/v2\/media\/21138"}],"wp:attachment":[{"href":"https:\/\/notiissa.mx\/index.php?rest_route=%2Fwp%2Fv2%2Fmedia&parent=21137"}],"wp:term":[{"taxonomy":"category","embeddable":true,"href":"https:\/\/notiissa.mx\/index.php?rest_route=%2Fwp%2Fv2%2Fcategories&post=21137"},{"taxonomy":"post_tag","embeddable":true,"href":"https:\/\/notiissa.mx\/index.php?rest_route=%2Fwp%2Fv2%2Ftags&post=21137"}],"curies":[{"name":"wp","href":"https:\/\/api.w.org\/{rel}","templated":true}]}}