{"id":21121,"date":"2020-02-11T22:37:42","date_gmt":"2020-02-11T22:37:42","guid":{"rendered":"http:\/\/notiissa.mx\/?p=21121"},"modified":"2020-02-11T22:37:42","modified_gmt":"2020-02-11T22:37:42","slug":"conoce-las-nuevas-rutas-de-transporte-publico-en-la-ciudad-de-chihuahua","status":"publish","type":"post","link":"https:\/\/notiissa.mx\/?p=21121","title":{"rendered":"Conoce las nuevas rutas de transporte p\u00fablico en la ciudad de Chihuahua"},"content":{"rendered":"<p class=\"yiv6100930408MsoNormal\"><span lang=\"ES\">La Direcci\u00f3n de Transporte del Estado, busca que los usuarios se familiaricen r\u00e1pidamente con los nuevos recorridos de las rutas que fueron sometidas al trabajo de reingenier\u00eda, para brindar un mejor servicio.<\/span><\/p>\n<p class=\"yiv6100930408MsoNormal\"><span lang=\"ES\">Dio inici\u00f3 la difusi\u00f3n de los planos que contienen las dos nuevas rutas, que resultaron del trabajo de reingenier\u00eda con el cual se brindar\u00e1 un mejor servicio a los usuarios de la ciudad de Chihuahua.<\/span><\/p>\n<p class=\"yiv6100930408MsoNormal\"><span lang=\"ES\">La dependencia dio a conocer la fusi\u00f3n de los circuitos Ruta 3-Granjas, Campesina-Sector 3 y Campesina-Santa Rosa, por lo que realiza una campa\u00f1a para socializar estos nuevos recorridos, a trav\u00e9s de cuatro croquis que detallan con claridad las calles consideradas en este redise\u00f1o.<\/span><\/p>\n<p class=\"yiv6100930408MsoNormal\"><span lang=\"ES\">\u201cSon cuatro planos que esperamos ayuden a la poblaci\u00f3n a conocer la fusi\u00f3n que se realiz\u00f3 con estas rutas y sus recorridos, que ser\u00e1n de gran utilidad para los usuarios\u201d, dijo Gabriel Contreras, supervisor del \u00c1rea T\u00e9cnica de la Direcci\u00f3n de Transporte.<\/span><\/p>\n<p class=\"yiv6100930408MsoNormal\"><span lang=\"ES\">Indic\u00f3 que aunado a la campa\u00f1a de difusi\u00f3n que realiza la dependencia, los propios concesionarios compartir\u00e1n los mapas entre los pasajeros para socializar los recorridos y utilicen el parador m\u00e1s cercano a sus viviendas, escuelas o centros de trabajo para utilizar el servicio.<\/span><\/p>\n<p class=\"yiv6100930408MsoNormal\"><span lang=\"ES\">Contreras mencion\u00f3 que al tratarse de una reingenier\u00eda, se hizo una modificaci\u00f3n importante en la extensi\u00f3n de su recorrido, por lo que se busca que los habitantes de las colonias beneficiadas est\u00e9n debidamente actualizados con las nuevas disposiciones. <\/span><\/p>\n<p class=\"yiv6100930408MsoNormal\"><b><span lang=\"ES\">LAS RUTAS FUSIONADAS Y SUS RECORRIDOS<\/span><\/b><\/p>\n<p class=\"yiv6100930408MsoNormal\"><b><span lang=\"ES\">Circuito<\/span><\/b><span lang=\"ES\">: Ruta 3-Granjas Ramal Directo e Inverso <\/span><\/p>\n<p class=\"yiv6100930408MsoNormal\"><b><span lang=\"ES\">Unidades<\/span><\/b><span lang=\"ES\">: 12<\/span><\/p>\n<p class=\"yiv6100930408MsoNormal\"><b><span lang=\"ES\">Frecuencia<\/span><\/b><span lang=\"ES\">: Cada 9 minutos desde el Centro a la avenida De las Am\u00e9ricas. Posteriormente la frecuencia entre cada cami\u00f3n es de 18 minutos, tanto en el ramal directo como en el inverso.<\/span><\/p>\n<p class=\"yiv6100930408MsoNormal\"><b><span lang=\"ES\">Colonias beneficiadas<\/span><\/b><span lang=\"ES\">: 10 <\/span><\/p>\n<p class=\"yiv6100930408MsoNormal\"><b><span lang=\"ES\">Sector<\/span><\/b><span lang=\"ES\">: Norte<\/span><\/p>\n<p class=\"yiv6100930408MsoNormal\"><b><span lang=\"ES\">Circuito<\/span><\/b><span lang=\"ES\">: Campesina-Sector 3 y Campesina-Santa Rosa<\/span><\/p>\n<p class=\"yiv6100930408MsoNormal\"><b><span lang=\"ES\">Unidades<\/span><\/b><span lang=\"ES\">: 18<\/span><\/p>\n<p class=\"yiv6100930408MsoNormal\"><b><span lang=\"ES\">Frecuencia<\/span><\/b><span lang=\"ES\">: Cada 7 minutos en su recorrido original de la ruta Campesina, y 14 minutos para los ramales Sector 3 y Santa Rosa. <\/span><\/p>\n<p class=\"yiv6100930408MsoNormal\"><b><span lang=\"ES\">Colonias beneficiadas<\/span><\/b><span lang=\"ES\">: 12<\/span><\/p>\n<p class=\"yiv6100930408MsoNormal\"><b><span lang=\"ES\">Sector<\/span><\/b><span lang=\"ES\">: Centro-Sur<\/span><\/p>\n","protected":false},"excerpt":{"rendered":"<p>La Direcci\u00f3n de Transporte del Estado, busca que los usuarios se familiaricen r\u00e1pidamente con los nuevos recorridos de las rutas que fueron sometidas al trabajo de reingenier\u00eda, para brindar un mejor servicio. Dio inici\u00f3 la difusi\u00f3n de los planos que contienen las dos nuevas rutas, que resultaron del trabajo de reingenier\u00eda con el cual se [&hellip;]<\/p>\n","protected":false},"author":1,"featured_media":21122,"comment_status":"open","ping_status":"open","sticky":false,"template":"","format":"standard","meta":{"rop_custom_images_group":[],"rop_custom_messages_group":[],"rop_publish_now":"initial","rop_publish_now_accounts":[],"rop_publish_now_history":[],"rop_publish_now_status":"pending","footnotes":""},"categories":[67,72],"tags":[23],"class_list":["post-21121","post","type-post","status-publish","format-standard","has-post-thumbnail","hentry","category-ciudad","category-estado","tag-destacado"],"_links":{"self":[{"href":"https:\/\/notiissa.mx\/index.php?rest_route=\/wp\/v2\/posts\/21121","targetHints":{"allow":["GET"]}}],"collection":[{"href":"https:\/\/notiissa.mx\/index.php?rest_route=\/wp\/v2\/posts"}],"about":[{"href":"https:\/\/notiissa.mx\/index.php?rest_route=\/wp\/v2\/types\/post"}],"author":[{"embeddable":true,"href":"https:\/\/notiissa.mx\/index.php?rest_route=\/wp\/v2\/users\/1"}],"replies":[{"embeddable":true,"href":"https:\/\/notiissa.mx\/index.php?rest_route=%2Fwp%2Fv2%2Fcomments&post=21121"}],"version-history":[{"count":1,"href":"https:\/\/notiissa.mx\/index.php?rest_route=\/wp\/v2\/posts\/21121\/revisions"}],"predecessor-version":[{"id":21123,"href":"https:\/\/notiissa.mx\/index.php?rest_route=\/wp\/v2\/posts\/21121\/revisions\/21123"}],"wp:featuredmedia":[{"embeddable":true,"href":"https:\/\/notiissa.mx\/index.php?rest_route=\/wp\/v2\/media\/21122"}],"wp:attachment":[{"href":"https:\/\/notiissa.mx\/index.php?rest_route=%2Fwp%2Fv2%2Fmedia&parent=21121"}],"wp:term":[{"taxonomy":"category","embeddable":true,"href":"https:\/\/notiissa.mx\/index.php?rest_route=%2Fwp%2Fv2%2Fcategories&post=21121"},{"taxonomy":"post_tag","embeddable":true,"href":"https:\/\/notiissa.mx\/index.php?rest_route=%2Fwp%2Fv2%2Ftags&post=21121"}],"curies":[{"name":"wp","href":"https:\/\/api.w.org\/{rel}","templated":true}]}}