{"id":21050,"date":"2020-02-10T20:37:57","date_gmt":"2020-02-10T20:37:57","guid":{"rendered":"http:\/\/notiissa.mx\/?p=21050"},"modified":"2020-02-10T20:37:57","modified_gmt":"2020-02-10T20:37:57","slug":"se-coordinan-instituciones-para-la-prevencion-de-adicciones","status":"publish","type":"post","link":"https:\/\/notiissa.mx\/?p=21050","title":{"rendered":"Se coordinan instituciones para la prevenci\u00f3n de adicciones"},"content":{"rendered":"<div>\n<p>En una reuni\u00f3n interinstitucional conocieron sus planes de trabajo, con la finalidad de realizar un trabajo coordinado en las comunidades de atenci\u00f3n prioritaria.<\/p>\n<p class=\"yiv5397144012MsoNormal\">Personal de la Direcci\u00f3n de Cohesi\u00f3n Social y Participaci\u00f3n Ciudadana de la Secretar\u00eda de Desarrollo Social sostuvo una reuni\u00f3n de trabajo con representantes del Instituto Chihuahuense de Salud Mental (Ichisam) y la Comisi\u00f3n Estatal de Atenci\u00f3n a las Adicciones (Ceaadic).<\/p>\n<p>La reuni\u00f3n tuvo como objetivo que las instituciones conozcan sus planes de trabajo, con la finalidad de realizar un trabajo coordinado para la prevenci\u00f3n de adicciones en las comunidades de atenci\u00f3n prioritaria.<\/p>\n<p>Durante la reuni\u00f3n se acord\u00f3 ofrecer a las personas que finalicen su tratamiento de centros residenciales a que accedan a los servicios y actividades que ofrece Cohesi\u00f3n Social para contribuir a su reinserci\u00f3n social.<\/p>\n<p>Tambi\u00e9n se realizar\u00e1 una capacitaci\u00f3n por parte del Ichisam y Ceaadic a personal de la Direcci\u00f3n estatal sobre el tema de consumo de cristal y reducci\u00f3n de da\u00f1os, as\u00ed como formas alternativas de abordaje, con pertinencia cultural.<\/p>\n<p>Finalmente se ofrecer\u00e1 el taller \u201c\u00bfEs dif\u00edcil ser mujer?\u201d en uno de los centros residenciales de mujeres, al cual se pueden sumar las compa\u00f1eras del Ichisam y Ceaadic<\/p>\n<\/div>\n","protected":false},"excerpt":{"rendered":"<p>En una reuni\u00f3n interinstitucional conocieron sus planes de trabajo, con la finalidad de realizar un trabajo coordinado en las comunidades de atenci\u00f3n prioritaria. Personal de la Direcci\u00f3n de Cohesi\u00f3n Social y Participaci\u00f3n Ciudadana de la Secretar\u00eda de Desarrollo Social sostuvo una reuni\u00f3n de trabajo con representantes del Instituto Chihuahuense de Salud Mental (Ichisam) y la [&hellip;]<\/p>\n","protected":false},"author":1,"featured_media":21051,"comment_status":"open","ping_status":"open","sticky":false,"template":"","format":"standard","meta":{"rop_custom_images_group":[],"rop_custom_messages_group":[],"rop_publish_now":"initial","rop_publish_now_accounts":[],"rop_publish_now_history":[],"rop_publish_now_status":"pending","footnotes":""},"categories":[72,71],"tags":[23],"class_list":["post-21050","post","type-post","status-publish","format-standard","has-post-thumbnail","hentry","category-estado","category-salud","tag-destacado"],"_links":{"self":[{"href":"https:\/\/notiissa.mx\/index.php?rest_route=\/wp\/v2\/posts\/21050","targetHints":{"allow":["GET"]}}],"collection":[{"href":"https:\/\/notiissa.mx\/index.php?rest_route=\/wp\/v2\/posts"}],"about":[{"href":"https:\/\/notiissa.mx\/index.php?rest_route=\/wp\/v2\/types\/post"}],"author":[{"embeddable":true,"href":"https:\/\/notiissa.mx\/index.php?rest_route=\/wp\/v2\/users\/1"}],"replies":[{"embeddable":true,"href":"https:\/\/notiissa.mx\/index.php?rest_route=%2Fwp%2Fv2%2Fcomments&post=21050"}],"version-history":[{"count":1,"href":"https:\/\/notiissa.mx\/index.php?rest_route=\/wp\/v2\/posts\/21050\/revisions"}],"predecessor-version":[{"id":21052,"href":"https:\/\/notiissa.mx\/index.php?rest_route=\/wp\/v2\/posts\/21050\/revisions\/21052"}],"wp:featuredmedia":[{"embeddable":true,"href":"https:\/\/notiissa.mx\/index.php?rest_route=\/wp\/v2\/media\/21051"}],"wp:attachment":[{"href":"https:\/\/notiissa.mx\/index.php?rest_route=%2Fwp%2Fv2%2Fmedia&parent=21050"}],"wp:term":[{"taxonomy":"category","embeddable":true,"href":"https:\/\/notiissa.mx\/index.php?rest_route=%2Fwp%2Fv2%2Fcategories&post=21050"},{"taxonomy":"post_tag","embeddable":true,"href":"https:\/\/notiissa.mx\/index.php?rest_route=%2Fwp%2Fv2%2Ftags&post=21050"}],"curies":[{"name":"wp","href":"https:\/\/api.w.org\/{rel}","templated":true}]}}