{"id":21022,"date":"2020-02-09T20:46:04","date_gmt":"2020-02-09T20:46:04","guid":{"rendered":"http:\/\/notiissa.mx\/?p=21022"},"modified":"2020-02-09T20:46:04","modified_gmt":"2020-02-09T20:46:04","slug":"imparten-platica-sobre-valores-en-dare","status":"publish","type":"post","link":"https:\/\/notiissa.mx\/?p=21022","title":{"rendered":"Imparten pl\u00e1tica sobre valores en DARE"},"content":{"rendered":"<div>\n<p><em>El inmueble cuenta con espacios recreativos, deportivos y culturales para los visitantes.<br \/>\n<\/em><\/p>\n<p>Ni\u00f1as y ni\u00f1os del k\u00ednder Freinet, ubicado en la colonia Deportistas, estuvieron de visita en la Comisar\u00eda DARE para participar en una pl\u00e1tica sobre valores y conocer los espacios de recreaci\u00f3n con que cuenta el inmueble de la Direcci\u00f3n de Seguridad P\u00fablica Municipal, que se encuentra en la avenida Mirador y Ram\u00edrez Calder\u00f3n.<\/p>\n<p>Polic\u00edas instructores del programa que previene contra la violencia y el uso de sustancias t\u00f3xicas, ofrecieron tambi\u00e9n a las y los primeros 60 peque\u00f1ines en visitarla, una convivencia con elementos de los grupos especiales que m\u00e1s llaman su atenci\u00f3n como la polic\u00eda Montada y el K-9, cuyos ejemplares generan mayor acercamiento hacia los polic\u00edas municipales.<\/p>\n<p>Al respecto, el agente DARE, polic\u00eda tercero Jorge Alarc\u00f3n Meza, indic\u00f3 que tanto \u00e9l como el resto de sus compa\u00f1eros han estado promoviendo en los planteles educativos la visita de menores acompa\u00f1ados de maestros y padres de familia, con lo cual esperan atender varios cientos de visitantes antes de concluir el ciclo escolar actual.<\/p>\n<p>La Comisaria DARE fue inaugurada por la alcaldesa Maru Campos Galv\u00e1n el 31 de agosto de 2019, como la primera en su tipo a nivel internacional y est\u00e1 concebida para ofrecer a ni\u00f1os, ni\u00f1as y adolescentes y sus padres, espacios de recreaci\u00f3n, deporte y cultura a trav\u00e9s de cursos, talleres y convivencias tipo veraneada para fomentar la pr\u00e1ctica de valores y el acercamiento con agentes de polic\u00eda.<\/p>\n<\/div>\n","protected":false},"excerpt":{"rendered":"<p>El inmueble cuenta con espacios recreativos, deportivos y culturales para los visitantes. Ni\u00f1as y ni\u00f1os del k\u00ednder Freinet, ubicado en la colonia Deportistas, estuvieron de visita en la Comisar\u00eda DARE para participar en una pl\u00e1tica sobre valores y conocer los espacios de recreaci\u00f3n con que cuenta el inmueble de la Direcci\u00f3n de Seguridad P\u00fablica Municipal, [&hellip;]<\/p>\n","protected":false},"author":1,"featured_media":21023,"comment_status":"open","ping_status":"open","sticky":false,"template":"","format":"standard","meta":{"rop_custom_images_group":[],"rop_custom_messages_group":[],"rop_publish_now":"initial","rop_publish_now_accounts":[],"rop_publish_now_history":[],"rop_publish_now_status":"pending","footnotes":""},"categories":[67,64],"tags":[23],"class_list":["post-21022","post","type-post","status-publish","format-standard","has-post-thumbnail","hentry","category-ciudad","category-educacion","tag-destacado"],"_links":{"self":[{"href":"https:\/\/notiissa.mx\/index.php?rest_route=\/wp\/v2\/posts\/21022","targetHints":{"allow":["GET"]}}],"collection":[{"href":"https:\/\/notiissa.mx\/index.php?rest_route=\/wp\/v2\/posts"}],"about":[{"href":"https:\/\/notiissa.mx\/index.php?rest_route=\/wp\/v2\/types\/post"}],"author":[{"embeddable":true,"href":"https:\/\/notiissa.mx\/index.php?rest_route=\/wp\/v2\/users\/1"}],"replies":[{"embeddable":true,"href":"https:\/\/notiissa.mx\/index.php?rest_route=%2Fwp%2Fv2%2Fcomments&post=21022"}],"version-history":[{"count":1,"href":"https:\/\/notiissa.mx\/index.php?rest_route=\/wp\/v2\/posts\/21022\/revisions"}],"predecessor-version":[{"id":21024,"href":"https:\/\/notiissa.mx\/index.php?rest_route=\/wp\/v2\/posts\/21022\/revisions\/21024"}],"wp:featuredmedia":[{"embeddable":true,"href":"https:\/\/notiissa.mx\/index.php?rest_route=\/wp\/v2\/media\/21023"}],"wp:attachment":[{"href":"https:\/\/notiissa.mx\/index.php?rest_route=%2Fwp%2Fv2%2Fmedia&parent=21022"}],"wp:term":[{"taxonomy":"category","embeddable":true,"href":"https:\/\/notiissa.mx\/index.php?rest_route=%2Fwp%2Fv2%2Fcategories&post=21022"},{"taxonomy":"post_tag","embeddable":true,"href":"https:\/\/notiissa.mx\/index.php?rest_route=%2Fwp%2Fv2%2Ftags&post=21022"}],"curies":[{"name":"wp","href":"https:\/\/api.w.org\/{rel}","templated":true}]}}