{"id":21012,"date":"2020-02-07T18:51:39","date_gmt":"2020-02-07T18:51:39","guid":{"rendered":"http:\/\/notiissa.mx\/?p=21012"},"modified":"2020-02-07T18:51:39","modified_gmt":"2020-02-07T18:51:39","slug":"quieres-poner-tu-propio-negocio-acude-a-las-platicas-para-emprender","status":"publish","type":"post","link":"https:\/\/notiissa.mx\/?p=21012","title":{"rendered":"\u00bfQuieres poner tu propio negocio? acude a las pl\u00e1ticas para emprender"},"content":{"rendered":"<div>\n<p>La Direcci\u00f3n de Desarrollo Econ\u00f3mico y Tur\u00edstico del Municipio\u00a0 invita a las y los interesados en abrir su propio negocio a asistir al Taller Jueves Chihuahua Emprende, el cual se llevar\u00e1 a cabo el pr\u00f3ximo 13 de febrero en el Centro Comunitario Jardines del Saucito. La entrada es gratuita.<\/p>\n<p>La Direcci\u00f3n de Desarrollo Econ\u00f3mico y Tur\u00edstico, en coordinaci\u00f3n con la Red Emprende Chihuahua invitan el pr\u00f3ximo jueves a la primera edici\u00f3n del mes de febrero de este taller, el cual tiene el objetivo de poner al alcance del emprendedor, la informaci\u00f3n y conocimiento sobre temas de negocios, emprendimiento, opciones de financiamiento y las herramientas necesarias que requiere saber al momento de poner en marcha su negocio.<\/p>\n<p>En el evento se ofrecer\u00e1 informaci\u00f3n de los programas de asesor\u00eda y recursos de instituciones p\u00fablicas y privadas como lo es el Gobierno Municipal, Gobierno Estatal, Gobierno Federal y Emprendiendo por Chihuahua A.C., entre otras.<\/p>\n<p>El evento se llevar\u00e1 a cabo de 9:00 a 11:00 horas. El registro inicia a las 8:30. El Centro Comunitario Jardines del Saucito se ubica en la calle Sierra Torrecillas, n\u00famero 3237, en la colonia Bah\u00edas, Juventud Norte.<\/p>\n<p>Para m\u00e1s informes puedes comunicarte al tel\u00e9fono 2 00 48 00, extensi\u00f3n 6313 o acudir a la Direcci\u00f3n de Desarrollo Econ\u00f3mico y Tur\u00edstico, ubicada en la Quinta Touch\u00e9, en avenida Independencia y Sim\u00f3n Bol\u00edvar, colonia Centro.<\/p>\n<\/div>\n","protected":false},"excerpt":{"rendered":"<p>La Direcci\u00f3n de Desarrollo Econ\u00f3mico y Tur\u00edstico del Municipio\u00a0 invita a las y los interesados en abrir su propio negocio a asistir al Taller Jueves Chihuahua Emprende, el cual se llevar\u00e1 a cabo el pr\u00f3ximo 13 de febrero en el Centro Comunitario Jardines del Saucito. La entrada es gratuita. La Direcci\u00f3n de Desarrollo Econ\u00f3mico y [&hellip;]<\/p>\n","protected":false},"author":1,"featured_media":21013,"comment_status":"open","ping_status":"open","sticky":false,"template":"","format":"standard","meta":{"rop_custom_images_group":[],"rop_custom_messages_group":[],"rop_publish_now":"initial","rop_publish_now_accounts":[],"rop_publish_now_history":[],"rop_publish_now_status":"pending","footnotes":""},"categories":[67,61],"tags":[23],"class_list":["post-21012","post","type-post","status-publish","format-standard","has-post-thumbnail","hentry","category-ciudad","category-economia","tag-destacado"],"_links":{"self":[{"href":"https:\/\/notiissa.mx\/index.php?rest_route=\/wp\/v2\/posts\/21012","targetHints":{"allow":["GET"]}}],"collection":[{"href":"https:\/\/notiissa.mx\/index.php?rest_route=\/wp\/v2\/posts"}],"about":[{"href":"https:\/\/notiissa.mx\/index.php?rest_route=\/wp\/v2\/types\/post"}],"author":[{"embeddable":true,"href":"https:\/\/notiissa.mx\/index.php?rest_route=\/wp\/v2\/users\/1"}],"replies":[{"embeddable":true,"href":"https:\/\/notiissa.mx\/index.php?rest_route=%2Fwp%2Fv2%2Fcomments&post=21012"}],"version-history":[{"count":1,"href":"https:\/\/notiissa.mx\/index.php?rest_route=\/wp\/v2\/posts\/21012\/revisions"}],"predecessor-version":[{"id":21014,"href":"https:\/\/notiissa.mx\/index.php?rest_route=\/wp\/v2\/posts\/21012\/revisions\/21014"}],"wp:featuredmedia":[{"embeddable":true,"href":"https:\/\/notiissa.mx\/index.php?rest_route=\/wp\/v2\/media\/21013"}],"wp:attachment":[{"href":"https:\/\/notiissa.mx\/index.php?rest_route=%2Fwp%2Fv2%2Fmedia&parent=21012"}],"wp:term":[{"taxonomy":"category","embeddable":true,"href":"https:\/\/notiissa.mx\/index.php?rest_route=%2Fwp%2Fv2%2Fcategories&post=21012"},{"taxonomy":"post_tag","embeddable":true,"href":"https:\/\/notiissa.mx\/index.php?rest_route=%2Fwp%2Fv2%2Ftags&post=21012"}],"curies":[{"name":"wp","href":"https:\/\/api.w.org\/{rel}","templated":true}]}}