{"id":21008,"date":"2020-02-07T18:42:58","date_gmt":"2020-02-07T18:42:58","guid":{"rendered":"http:\/\/notiissa.mx\/?p=21008"},"modified":"2020-02-07T18:43:39","modified_gmt":"2020-02-07T18:43:39","slug":"te-gustaria-aprender-la-tecnica-del-bordado-zapoteco","status":"publish","type":"post","link":"https:\/\/notiissa.mx\/?p=21008","title":{"rendered":"\u00bfTe gustar\u00eda aprender la t\u00e9cnica del Bordado Zapoteco?"},"content":{"rendered":"<div>\n<p>Chihuahua.-El Instituto de Cultura del Municipio invita a todas y todos los interesados a participar en el \u201cTaller de Bordado Zapoteco\u201d, que se impartir\u00e1 en seis sesiones, del 24 de febrero al 6 de marzo, en las instalaciones del Museo Sebastian como parte del Programa de Capacitaci\u00f3n del ICM.<\/p>\n<p>Si sabes de bordado o te gustar\u00eda aprender, no te pierdas de este taller que te llevar\u00e1 a recorrer las ra\u00edces de la cultura mexicana, ense\u00f1\u00e1ndote principalmente las t\u00e9cnicas del bordado zapoteco a mano.<\/p>\n<p>La\u00a0 capacitaci\u00f3n ser\u00e1 impartida por el\u00a0 maestro C\u00e9sar Marcelo Olivas Torres, especializado en escultura textil, por la Facultad de Artes de la Universidad Aut\u00f3noma de Chihuahua, cabe mencionar que Marcelo fue beneficiario de la primera emisi\u00f3n del programa FOMAC (Fondo Municipal para Artistas y Creadores) del ICM.<\/p>\n<p>Este curso tendr\u00e1 un horario de lunes, mi\u00e9rcoles y viernes de 4:00 pm a 7:00 pm en el Museo Sebastian (Av. Ju\u00e1rez 601, Centro), asimismo los interesados podr\u00e1n registrarse con una cuota de recuperaci\u00f3n $400 pesos general y $300 pesos para adultos mayores y estudiantes. Para m\u00e1s informaci\u00f3n puedes comunicarte a la subdirecci\u00f3n de Gesti\u00f3n y Proyectos del ICM en el tel\u00e9fono 072 extensi\u00f3n 2430.<\/p>\n<\/div>\n","protected":false},"excerpt":{"rendered":"<p>Chihuahua.-El Instituto de Cultura del Municipio invita a todas y todos los interesados a participar en el \u201cTaller de Bordado Zapoteco\u201d, que se impartir\u00e1 en seis sesiones, del 24 de febrero al 6 de marzo, en las instalaciones del Museo Sebastian como parte del Programa de Capacitaci\u00f3n del ICM. Si sabes de bordado o te [&hellip;]<\/p>\n","protected":false},"author":1,"featured_media":21009,"comment_status":"open","ping_status":"open","sticky":false,"template":"","format":"standard","meta":{"rop_custom_images_group":[],"rop_custom_messages_group":[],"rop_publish_now":"initial","rop_publish_now_accounts":[],"rop_publish_now_history":[],"rop_publish_now_status":"pending","footnotes":""},"categories":[73,67,62],"tags":[23],"class_list":["post-21008","post","type-post","status-publish","format-standard","has-post-thumbnail","hentry","category-arte","category-ciudad","category-cultura","tag-destacado"],"_links":{"self":[{"href":"https:\/\/notiissa.mx\/index.php?rest_route=\/wp\/v2\/posts\/21008","targetHints":{"allow":["GET"]}}],"collection":[{"href":"https:\/\/notiissa.mx\/index.php?rest_route=\/wp\/v2\/posts"}],"about":[{"href":"https:\/\/notiissa.mx\/index.php?rest_route=\/wp\/v2\/types\/post"}],"author":[{"embeddable":true,"href":"https:\/\/notiissa.mx\/index.php?rest_route=\/wp\/v2\/users\/1"}],"replies":[{"embeddable":true,"href":"https:\/\/notiissa.mx\/index.php?rest_route=%2Fwp%2Fv2%2Fcomments&post=21008"}],"version-history":[{"count":1,"href":"https:\/\/notiissa.mx\/index.php?rest_route=\/wp\/v2\/posts\/21008\/revisions"}],"predecessor-version":[{"id":21010,"href":"https:\/\/notiissa.mx\/index.php?rest_route=\/wp\/v2\/posts\/21008\/revisions\/21010"}],"wp:featuredmedia":[{"embeddable":true,"href":"https:\/\/notiissa.mx\/index.php?rest_route=\/wp\/v2\/media\/21009"}],"wp:attachment":[{"href":"https:\/\/notiissa.mx\/index.php?rest_route=%2Fwp%2Fv2%2Fmedia&parent=21008"}],"wp:term":[{"taxonomy":"category","embeddable":true,"href":"https:\/\/notiissa.mx\/index.php?rest_route=%2Fwp%2Fv2%2Fcategories&post=21008"},{"taxonomy":"post_tag","embeddable":true,"href":"https:\/\/notiissa.mx\/index.php?rest_route=%2Fwp%2Fv2%2Ftags&post=21008"}],"curies":[{"name":"wp","href":"https:\/\/api.w.org\/{rel}","templated":true}]}}