{"id":20980,"date":"2020-02-07T17:29:50","date_gmt":"2020-02-07T17:29:50","guid":{"rendered":"http:\/\/notiissa.mx\/?p=20980"},"modified":"2020-02-07T17:29:50","modified_gmt":"2020-02-07T17:29:50","slug":"pide-congreso-que-acuda-a-la-region-el-presidente-lopez-obrador","status":"publish","type":"post","link":"https:\/\/notiissa.mx\/?p=20980","title":{"rendered":"Pide congreso que acuda a la regi\u00f3n el Presidente L\u00f3pez Obrador"},"content":{"rendered":"<p class=\"yiv6537678466MsoNormal\">En su presentaci\u00f3n en sesi\u00f3n de Congreso, desde San Francisco de Conchos, frente a la Presa la Boquilla, el Diputado centro sur- Luis Aguilar dio a conocer sobre la problem\u00e1tica que se vive la regi\u00f3n por el tema del agua.<\/p>\n<p class=\"yiv6537678466MsoNormal\">Agradeci\u00f3 a los diputados que acudieron al evento, porque esta es una causa muy noble, con la que vamos a trabajar- porque lo importante es darle soluci\u00f3n para salir adelante. A nombre del Congreso del Estado, el Legislador por Acci\u00f3n Nacional propuso que el Presidente L\u00f3pez Obrador, acuda a la zona por dos d\u00edas, con el objetivo de hablar sobre el tratado de aguas de 1944.<\/p>\n<p class=\"yiv6537678466MsoNormal\">En esta visita dice Aguilar, le daremos datos espec\u00edficos sobre lo que est\u00e1 ocurriendo en la zona y expresarle la situaci\u00f3n. No estamos en contra de que se pague el agua, pero es importante que las autoridades nos informen sobre la situaci\u00f3n t\u00e9cnica sobre las aguas en la regi\u00f3n.<\/p>\n<p class=\"yiv6537678466MsoNormal\">Pidi\u00f3 el Diputado, para que den la informaci\u00f3n con cifras y datos para poder hacer un plan de trabajo y con ello ofrecer certeza y beneficio a la poblaci\u00f3n. Adem\u00e1s, solicita que el Presidente de la rep\u00fablica retire a la Guardia Nacional, porque esto ha generado m\u00e1s conflicto a la situaci\u00f3n.<\/p>\n<p class=\"yiv6537678466MsoNormal\">Resulta conveniente mencionar que hay pocas lluvias, detonando a que se encarezca m\u00e1s el agua para la producci\u00f3n y para la gente de toda esta zona. \u201cHemos decidido participar para buscar soluciones y alternativas para darle soluci\u00f3n al problema\u201d.<\/p>\n<p class=\"yiv6537678466MsoNormal\">Exhortamos a la CONAGUA y al Gobierno Federal para que intervengan y no se abran las compuertas de las presas del Estado, porque dejar\u00eda vulnerables a miles de personas como tambi\u00e9n a productores y ganaderos.<\/p>\n<p class=\"yiv6537678466MsoNormal\">Este problema se agrava cada vez m\u00e1s, es por eso la petici\u00f3n desde la Presa la Boquilla para resaltar que esto es una situaci\u00f3n que adolece severamente a toda la poblaci\u00f3n, expres\u00f3 Luis Aguilar. Es importante que se conduzcan con la importancia que se requiere.<\/p>\n","protected":false},"excerpt":{"rendered":"<p>En su presentaci\u00f3n en sesi\u00f3n de Congreso, desde San Francisco de Conchos, frente a la Presa la Boquilla, el Diputado centro sur- Luis Aguilar dio a conocer sobre la problem\u00e1tica que se vive la regi\u00f3n por el tema del agua. Agradeci\u00f3 a los diputados que acudieron al evento, porque esta es una causa muy noble, [&hellip;]<\/p>\n","protected":false},"author":1,"featured_media":20981,"comment_status":"open","ping_status":"open","sticky":false,"template":"","format":"standard","meta":{"rop_custom_images_group":[],"rop_custom_messages_group":[],"rop_publish_now":"initial","rop_publish_now_accounts":[],"rop_publish_now_history":[],"rop_publish_now_status":"pending","footnotes":""},"categories":[72],"tags":[23],"class_list":["post-20980","post","type-post","status-publish","format-standard","has-post-thumbnail","hentry","category-estado","tag-destacado"],"_links":{"self":[{"href":"https:\/\/notiissa.mx\/index.php?rest_route=\/wp\/v2\/posts\/20980","targetHints":{"allow":["GET"]}}],"collection":[{"href":"https:\/\/notiissa.mx\/index.php?rest_route=\/wp\/v2\/posts"}],"about":[{"href":"https:\/\/notiissa.mx\/index.php?rest_route=\/wp\/v2\/types\/post"}],"author":[{"embeddable":true,"href":"https:\/\/notiissa.mx\/index.php?rest_route=\/wp\/v2\/users\/1"}],"replies":[{"embeddable":true,"href":"https:\/\/notiissa.mx\/index.php?rest_route=%2Fwp%2Fv2%2Fcomments&post=20980"}],"version-history":[{"count":1,"href":"https:\/\/notiissa.mx\/index.php?rest_route=\/wp\/v2\/posts\/20980\/revisions"}],"predecessor-version":[{"id":20982,"href":"https:\/\/notiissa.mx\/index.php?rest_route=\/wp\/v2\/posts\/20980\/revisions\/20982"}],"wp:featuredmedia":[{"embeddable":true,"href":"https:\/\/notiissa.mx\/index.php?rest_route=\/wp\/v2\/media\/20981"}],"wp:attachment":[{"href":"https:\/\/notiissa.mx\/index.php?rest_route=%2Fwp%2Fv2%2Fmedia&parent=20980"}],"wp:term":[{"taxonomy":"category","embeddable":true,"href":"https:\/\/notiissa.mx\/index.php?rest_route=%2Fwp%2Fv2%2Fcategories&post=20980"},{"taxonomy":"post_tag","embeddable":true,"href":"https:\/\/notiissa.mx\/index.php?rest_route=%2Fwp%2Fv2%2Ftags&post=20980"}],"curies":[{"name":"wp","href":"https:\/\/api.w.org\/{rel}","templated":true}]}}