{"id":20906,"date":"2020-02-04T20:49:28","date_gmt":"2020-02-04T20:49:28","guid":{"rendered":"http:\/\/notiissa.mx\/?p=20906"},"modified":"2020-02-04T20:49:28","modified_gmt":"2020-02-04T20:49:28","slug":"pide-diputada-promover-programas-de-atencion-psicologica","status":"publish","type":"post","link":"https:\/\/notiissa.mx\/?p=20906","title":{"rendered":"Pide diputada promover programas de atenci\u00f3n psicol\u00f3gica"},"content":{"rendered":"<div>En su mensaje en sesi\u00f3n de Congreso del Estado, La Diputada Patricia Jurado inform\u00f3, que ha crecido los casos de suicidio dentro de la regi\u00f3n noroeste, espec\u00edficamente en Buenaventura y Casas Grandes, primordialmente en j\u00f3venes.<\/div>\n<div><\/div>\n<div>Es importante dice la Legisladora del PAN, el promover y dar fortaleza a estos programas preventivos de salud, ante esta lamentable situaci\u00f3n que se est\u00e1 viviendo en la regi\u00f3n. \u201cComo sociedad, debemos prestar especial atenci\u00f3n, sin importar las causas que lo puedan originar y detonar, porque como autoridades tenemos el compromiso de emprender programas de forma permanente para dar atenci\u00f3n a los casos de depresi\u00f3n y suicidio, con la intenci\u00f3n de prevenirlos\u201d.<\/div>\n<div><\/div>\n<div>Destac\u00f3 Jurado- que desde la legislatura anterior se elabor\u00f3 una Ley de Salud Mental, que trae consigo la prevenci\u00f3n y \u00a0protecci\u00f3n de la salud mental de la gente. Estos trabajos desde el ejecutivo y legislativo contribuy\u00f3 para que exista una estructura con objetivos definidos y atribuciones para hacerle frente a esta problem\u00e1tica.<\/div>\n<div><\/div>\n<div>El funcionamiento de esta nueva ley, como todas, requiere de tiempo, capacitaci\u00f3n y colaboraci\u00f3n de la sociedad civil organizada para impactar de forma positiva.Existen acciones actualmente, pero es necesario que se fortalezcan y difundan ampliamente por el Estado para dar atenci\u00f3n oportuna al suicidio.<\/div>\n<div><\/div>\n<div>Se lograron avances con:<\/div>\n<div><\/div>\n<div>\u00a0 \u00a0 \u2022 Brigadas de salud mental con psic\u00f3logos y m\u00e9dicos.<\/div>\n<div><\/div>\n<div>\u00a0 \u00a0 \u2022 Capacitaciones y talleres sobre primeros auxilios psicol\u00f3gicos.<\/div>\n<div><\/div>\n<div>\u00a0 \u00a0 \u2022 Conformaci\u00f3n de los centros de salud mental en Ju\u00e1rez y chihuahua, para atender a personas que est\u00e9n pasando por crisis tendente al suicidio.<\/div>\n<div><\/div>\n<div>\u00a0 \u00a0 \u2022 Implementaci\u00f3n de programas a fin de darle difusi\u00f3n a informaci\u00f3n b\u00e1sica de los trastornos mentales y las medidas para detectar, atender y prevenir el suicidio.<\/div>\n<div><\/div>\n<div>\u00a0 \u00a0 \u2022 Se cre\u00f3 el CONSEJO ESTATAL DE ATENCI\u00d3N EN SALUD MENTAL, mismo que se instal\u00f3 en 2018 por el Gobernador, y funge como organismo de consulta para creaci\u00f3n, desarrollo, promoci\u00f3n y apoyo de programas y pol\u00edticas de sensibilizaci\u00f3n, prevenci\u00f3n y tratamiento de personas con afecciones de salud mental.<\/div>\n<div><\/div>\n<div>\u00a0 \u00a0 \u2022 Se integr\u00f3 el programa de salud de mental, entre las Secretar\u00eda de Salud e ICHISAL, con el objetivo de disminuir casos de depresi\u00f3n que pudieran culminar en suicidio, colaborando psic\u00f3logos, psiquiatras y otros especialistas en el ramo.<\/div>\n<div>En materia de educaci\u00f3n, tambi\u00e9n aprobamos que las escuelas de educaci\u00f3n b\u00e1sica y media del Sistema Educativo Estatal, para que tengan la posibilidad de contar con un \u00e1rea especializada en psicolog\u00eda cl\u00ednica y educativa a fin de atender a los alumnos, docentes y padres de familia con asesor\u00eda y orientaci\u00f3n.<\/div>\n<div><\/div>\n<div>Tambi\u00e9n existe la l\u00ednea telef\u00f3nica 911 para atender personas que puedan pasar por crisis y con ello se canaliza con el \u00e1rea de psicolog\u00eda para atenci\u00f3n en l\u00ednea y posteriormente en un Centro de Salud, las 24 horas del d\u00eda. Particularmente estar\u00e9 solicitando especial atenci\u00f3n para el distrito que represento,expres\u00f3 Patricia Jurado.<\/div>\n","protected":false},"excerpt":{"rendered":"<p>En su mensaje en sesi\u00f3n de Congreso del Estado, La Diputada Patricia Jurado inform\u00f3, que ha crecido los casos de suicidio dentro de la regi\u00f3n noroeste, espec\u00edficamente en Buenaventura y Casas Grandes, primordialmente en j\u00f3venes. Es importante dice la Legisladora del PAN, el promover y dar fortaleza a estos programas preventivos de salud, ante esta [&hellip;]<\/p>\n","protected":false},"author":1,"featured_media":20907,"comment_status":"open","ping_status":"open","sticky":false,"template":"","format":"standard","meta":{"rop_custom_images_group":[],"rop_custom_messages_group":[],"rop_publish_now":"initial","rop_publish_now_accounts":[],"rop_publish_now_history":[],"rop_publish_now_status":"pending","footnotes":""},"categories":[72],"tags":[23],"class_list":["post-20906","post","type-post","status-publish","format-standard","has-post-thumbnail","hentry","category-estado","tag-destacado"],"_links":{"self":[{"href":"https:\/\/notiissa.mx\/index.php?rest_route=\/wp\/v2\/posts\/20906","targetHints":{"allow":["GET"]}}],"collection":[{"href":"https:\/\/notiissa.mx\/index.php?rest_route=\/wp\/v2\/posts"}],"about":[{"href":"https:\/\/notiissa.mx\/index.php?rest_route=\/wp\/v2\/types\/post"}],"author":[{"embeddable":true,"href":"https:\/\/notiissa.mx\/index.php?rest_route=\/wp\/v2\/users\/1"}],"replies":[{"embeddable":true,"href":"https:\/\/notiissa.mx\/index.php?rest_route=%2Fwp%2Fv2%2Fcomments&post=20906"}],"version-history":[{"count":1,"href":"https:\/\/notiissa.mx\/index.php?rest_route=\/wp\/v2\/posts\/20906\/revisions"}],"predecessor-version":[{"id":20908,"href":"https:\/\/notiissa.mx\/index.php?rest_route=\/wp\/v2\/posts\/20906\/revisions\/20908"}],"wp:featuredmedia":[{"embeddable":true,"href":"https:\/\/notiissa.mx\/index.php?rest_route=\/wp\/v2\/media\/20907"}],"wp:attachment":[{"href":"https:\/\/notiissa.mx\/index.php?rest_route=%2Fwp%2Fv2%2Fmedia&parent=20906"}],"wp:term":[{"taxonomy":"category","embeddable":true,"href":"https:\/\/notiissa.mx\/index.php?rest_route=%2Fwp%2Fv2%2Fcategories&post=20906"},{"taxonomy":"post_tag","embeddable":true,"href":"https:\/\/notiissa.mx\/index.php?rest_route=%2Fwp%2Fv2%2Ftags&post=20906"}],"curies":[{"name":"wp","href":"https:\/\/api.w.org\/{rel}","templated":true}]}}