{"id":20902,"date":"2020-02-03T19:43:54","date_gmt":"2020-02-03T19:43:54","guid":{"rendered":"http:\/\/notiissa.mx\/?p=20902"},"modified":"2020-02-03T19:43:54","modified_gmt":"2020-02-03T19:43:54","slug":"habra-fuertes-vientos-por-tormenta-invernal-y-frente-frio-38","status":"publish","type":"post","link":"https:\/\/notiissa.mx\/?p=20902","title":{"rendered":"Habr\u00e1 fuertes vientos por tormenta invernal y frente fr\u00edo 38"},"content":{"rendered":"<p class=\"yiv4831868560gmail-MsoNoSpacing\">Chihuahua.-En Parral las r\u00e1fagas podr\u00edan rebasar los 85 km\/h, en el noroeste y sur estar\u00e1n por encima de 75 km\/h y en Chihuahua ser\u00e1n mayores a 65 km\/h, as\u00ed como tolvaneras en la carretera Parral-Jim\u00e9nez.<\/p>\n<p class=\"yiv4831868560gmail-MsoNoSpacing\">La presencia simult\u00e1nea de los dos fen\u00f3menos tambi\u00e9n provocar\u00e1 lluvias en la entidad y probabilidad de nieve y agua nieve en las partes altas de la Sierra Tarahumara.<\/p>\n<p class=\"yiv4831868560gmail-MsoNoSpacing\">La Coordinaci\u00f3n Estatal de Protecci\u00f3n Civil (CEPC) emiti\u00f3 un aviso preventivo ante la entrada del frente fr\u00edo n\u00famero 38 a la entidad, durante la tarde de este lunes 3 de febrero, acompa\u00f1ado de una corriente de chorro que originar\u00e1 la formaci\u00f3n de la octava tormenta invernal de la temporada.<\/p>\n<p class=\"yiv4831868560gmail-MsoNoSpacing\">Por tal motivo se mantiene el aviso preventivo para la semana, ya que a partir del martes 4 habr\u00e1 fuertes rachas de viento, que pueden superar los 85 kil\u00f3metros por hora (km\/h) en la zona sureste, principalmente en Parral.<\/p>\n<p class=\"yiv4831868560gmail-MsoNoSpacing\">En el noroeste y sur de la entidad, sobre todo en Buenaventura, Carich\u00ed y Balleza las r\u00e1fagas podr\u00edan rebasar los 75 km\/h, mientras que en occidente, suroeste y centro tendr\u00e1n velocidades mayores a 65 km\/h, en Guerrero, Bocoyna, Guachochi, Cuauht\u00e9moc y Chihuahua.<\/p>\n<p class=\"yiv4831868560gmail-MsoNoSpacing\">Para el sureste, como en el municipio de Jim\u00e9nez, las rachas ser\u00e1n de 55 km\/h, lo que ocasionar\u00e1 tolvaneras y baja de visibilidad en el tramo carretero Parral-Jim\u00e9nez.<\/p>\n<p class=\"yiv4831868560gmail-MsoNoSpacing\">Con relaci\u00f3n a las precipitaciones se prev\u00e9 que sean aisladas en el norte, noroeste, occidente, suroeste, centro y noreste, con mayor incidencia en Ju\u00e1rez, Ahumada, Janos, Madera, Tem\u00f3sachi, Bocoyna, Guachochi, Chihuahua y Ojinaga.<\/p>\n<p class=\"yiv4831868560gmail-MsoNoSpacing\">Estas lluvias pudieran estar acompa\u00f1adas de ca\u00edda de agua nieve y nieve en las partes altas de la zona serrana, principalmente en Janos y Madera.<\/p>\n<p class=\"yiv4831868560gmail-MsoNoSpacing\">Respecto a la octava tormenta invernal en el territorio chihuahuense, la CEPC inform\u00f3 que llegar\u00e1 el mi\u00e9rcoles 5, y con ello prolongar\u00e1 las rachas de viento superiores a los 40 km\/h, lo anterior en el norte, centro, sur, sureste y noreste, como Ju\u00e1rez, Chihuahua, Balleza, Parral, Jim\u00e9nez y Ojinaga.<\/p>\n<p class=\"yiv4831868560gmail-MsoNoSpacing\">Adem\u00e1s, lluvias aisladas en el norte, noroeste, occidente, suroeste, centro y noreste, principalmente en Ju\u00e1rez, Ahumada, Janos, Madera, Tem\u00f3sachi, Bocoyna, Guachochi, Chihuahua y Ojinaga.<\/p>\n<p class=\"yiv4831868560gmail-MsoNoSpacing\">Sin embargo, las precipitaciones pudieran acompa\u00f1arse de agua nieve y nieve, en las partes altas de la Sierra Tarahumara, sobre todo en Janos y Madera.<\/p>\n<p class=\"yiv4831868560gmail-MsoNoSpacing\">Las temperaturas esperadas para el martes 4 son (\u00b0C m\u00e1x\/m\u00edn): Chihuahua 19\/9, Ju\u00e1rez 8\/6, Janos 9\/5, Madera 5\/1, Cuauht\u00e9moc 11\/4, Jim\u00e9nez 23\/5, Parral 24\/4, Ojinaga 24\/10, y El Vergel (Balleza) 4\/-5.<\/p>\n<p class=\"yiv4831868560gmail-MsoNoSpacing\">Durante el mi\u00e9rcoles 5 (\u00b0C m\u00edn\/m\u00e1x.): Chihuahua 11\/5, Ju\u00e1rez 8\/1, Janos 7\/-2, Madera 1\/-6, Cuauht\u00e9moc 4\/0, Jim\u00e9nez 17\/6, Parral 17\/5, Ojinaga 12\/6, y El Vergel (Balleza) 3\/-7.<\/p>\n<p class=\"yiv4831868560gmail-MsoNoSpacing\">\n","protected":false},"excerpt":{"rendered":"<p>Chihuahua.-En Parral las r\u00e1fagas podr\u00edan rebasar los 85 km\/h, en el noroeste y sur estar\u00e1n por encima de 75 km\/h y en Chihuahua ser\u00e1n mayores a 65 km\/h, as\u00ed como tolvaneras en la carretera Parral-Jim\u00e9nez. La presencia simult\u00e1nea de los dos fen\u00f3menos tambi\u00e9n provocar\u00e1 lluvias en la entidad y probabilidad de nieve y agua nieve [&hellip;]<\/p>\n","protected":false},"author":1,"featured_media":20903,"comment_status":"open","ping_status":"open","sticky":false,"template":"","format":"standard","meta":{"rop_custom_images_group":[],"rop_custom_messages_group":[],"rop_publish_now":"initial","rop_publish_now_accounts":[],"rop_publish_now_history":[],"rop_publish_now_status":"pending","footnotes":""},"categories":[72],"tags":[],"class_list":["post-20902","post","type-post","status-publish","format-standard","has-post-thumbnail","hentry","category-estado"],"_links":{"self":[{"href":"https:\/\/notiissa.mx\/index.php?rest_route=\/wp\/v2\/posts\/20902","targetHints":{"allow":["GET"]}}],"collection":[{"href":"https:\/\/notiissa.mx\/index.php?rest_route=\/wp\/v2\/posts"}],"about":[{"href":"https:\/\/notiissa.mx\/index.php?rest_route=\/wp\/v2\/types\/post"}],"author":[{"embeddable":true,"href":"https:\/\/notiissa.mx\/index.php?rest_route=\/wp\/v2\/users\/1"}],"replies":[{"embeddable":true,"href":"https:\/\/notiissa.mx\/index.php?rest_route=%2Fwp%2Fv2%2Fcomments&post=20902"}],"version-history":[{"count":1,"href":"https:\/\/notiissa.mx\/index.php?rest_route=\/wp\/v2\/posts\/20902\/revisions"}],"predecessor-version":[{"id":20904,"href":"https:\/\/notiissa.mx\/index.php?rest_route=\/wp\/v2\/posts\/20902\/revisions\/20904"}],"wp:featuredmedia":[{"embeddable":true,"href":"https:\/\/notiissa.mx\/index.php?rest_route=\/wp\/v2\/media\/20903"}],"wp:attachment":[{"href":"https:\/\/notiissa.mx\/index.php?rest_route=%2Fwp%2Fv2%2Fmedia&parent=20902"}],"wp:term":[{"taxonomy":"category","embeddable":true,"href":"https:\/\/notiissa.mx\/index.php?rest_route=%2Fwp%2Fv2%2Fcategories&post=20902"},{"taxonomy":"post_tag","embeddable":true,"href":"https:\/\/notiissa.mx\/index.php?rest_route=%2Fwp%2Fv2%2Ftags&post=20902"}],"curies":[{"name":"wp","href":"https:\/\/api.w.org\/{rel}","templated":true}]}}