{"id":20834,"date":"2020-01-31T19:45:46","date_gmt":"2020-01-31T19:45:46","guid":{"rendered":"http:\/\/notiissa.mx\/?p=20834"},"modified":"2020-01-31T19:46:44","modified_gmt":"2020-01-31T19:46:44","slug":"imparten-platicas-sobre-uso-de-redes-sociales-a-menores","status":"publish","type":"post","link":"https:\/\/notiissa.mx\/?p=20834","title":{"rendered":"Imparten pl\u00e1ticas sobre uso de redes sociales a menores"},"content":{"rendered":"<div>\n<p>&#8211; <em>Tambi\u00e9n se impartieron charlas a los padres de familia.<\/em><\/p>\n<p>Chihuahua.-El Gobierno Municipal a trav\u00e9s de la Polic\u00eda Cibern\u00e9tica de la Direcci\u00f3n de Seguridad P\u00fablica Municipal y la Coordinaci\u00f3n de Comunicaci\u00f3n Social, en coordinaci\u00f3n con Promesa Educativa, llev\u00f3 a cabo pl\u00e1ticas sobre el uso de redes sociales para ni\u00f1as, ni\u00f1os y adolescentes.<\/p>\n<p>En total, se realizaron cinco conferencias en las que fueron atendidos 500 padres y madres de familia as\u00ed como 300 ni\u00f1as, ni\u00f1os y adolescentes.<\/p>\n<p>La charla fue enfocada en el uso correcto de las redes sociales y el conocimiento de los riesgos que estas implican, as\u00ed como la necesidad del constante monitoreo de los padres de familia.<\/p>\n<p>Carlos Zamora, jefe del Departamento Digital de la Coordinaci\u00f3n de Comunicaci\u00f3n Social, as\u00ed como Ignacio D\u00e1vila, titular de la dependencia, impartieron la charla \u201cNi\u00f1os, ni\u00f1as y adolescentes\u00a0 y los riesgos en redes sociales\u201d mientras que la Polic\u00eda Cibern\u00e9tica les habl\u00f3 a los asistentes sobre el cyber bullying.<\/p>\n<\/div>\n","protected":false},"excerpt":{"rendered":"<p>&#8211; Tambi\u00e9n se impartieron charlas a los padres de familia. Chihuahua.-El Gobierno Municipal a trav\u00e9s de la Polic\u00eda Cibern\u00e9tica de la Direcci\u00f3n de Seguridad P\u00fablica Municipal y la Coordinaci\u00f3n de Comunicaci\u00f3n Social, en coordinaci\u00f3n con Promesa Educativa, llev\u00f3 a cabo pl\u00e1ticas sobre el uso de redes sociales para ni\u00f1as, ni\u00f1os y adolescentes. En total, se [&hellip;]<\/p>\n","protected":false},"author":1,"featured_media":20835,"comment_status":"open","ping_status":"open","sticky":false,"template":"","format":"standard","meta":{"rop_custom_images_group":[],"rop_custom_messages_group":[],"rop_publish_now":"initial","rop_publish_now_accounts":[],"rop_publish_now_history":[],"rop_publish_now_status":"pending","footnotes":""},"categories":[67,64],"tags":[23],"class_list":["post-20834","post","type-post","status-publish","format-standard","has-post-thumbnail","hentry","category-ciudad","category-educacion","tag-destacado"],"_links":{"self":[{"href":"https:\/\/notiissa.mx\/index.php?rest_route=\/wp\/v2\/posts\/20834","targetHints":{"allow":["GET"]}}],"collection":[{"href":"https:\/\/notiissa.mx\/index.php?rest_route=\/wp\/v2\/posts"}],"about":[{"href":"https:\/\/notiissa.mx\/index.php?rest_route=\/wp\/v2\/types\/post"}],"author":[{"embeddable":true,"href":"https:\/\/notiissa.mx\/index.php?rest_route=\/wp\/v2\/users\/1"}],"replies":[{"embeddable":true,"href":"https:\/\/notiissa.mx\/index.php?rest_route=%2Fwp%2Fv2%2Fcomments&post=20834"}],"version-history":[{"count":2,"href":"https:\/\/notiissa.mx\/index.php?rest_route=\/wp\/v2\/posts\/20834\/revisions"}],"predecessor-version":[{"id":20838,"href":"https:\/\/notiissa.mx\/index.php?rest_route=\/wp\/v2\/posts\/20834\/revisions\/20838"}],"wp:featuredmedia":[{"embeddable":true,"href":"https:\/\/notiissa.mx\/index.php?rest_route=\/wp\/v2\/media\/20835"}],"wp:attachment":[{"href":"https:\/\/notiissa.mx\/index.php?rest_route=%2Fwp%2Fv2%2Fmedia&parent=20834"}],"wp:term":[{"taxonomy":"category","embeddable":true,"href":"https:\/\/notiissa.mx\/index.php?rest_route=%2Fwp%2Fv2%2Fcategories&post=20834"},{"taxonomy":"post_tag","embeddable":true,"href":"https:\/\/notiissa.mx\/index.php?rest_route=%2Fwp%2Fv2%2Ftags&post=20834"}],"curies":[{"name":"wp","href":"https:\/\/api.w.org\/{rel}","templated":true}]}}