{"id":1994,"date":"2015-05-17T16:29:22","date_gmt":"2015-05-17T16:29:22","guid":{"rendered":"http:\/\/notiissa.mx\/?p=1994"},"modified":"2015-05-17T16:29:22","modified_gmt":"2015-05-17T16:29:22","slug":"dio-inicio-santa-rita-expogan-2015","status":"publish","type":"post","link":"https:\/\/notiissa.mx\/?p=1994","title":{"rendered":"Dio inicio Santa Rita-Expogan 2015"},"content":{"rendered":"<p style=\"text-align: justify;\">El gobernador del estado, C\u00e9sar Duarte J\u00e1quez, y\u00a0 la presidenta del DIF Estatal, Bertha G\u00f3mez de Duarte, acompa\u00f1ados por los presidentes municipales de Chihuahua, Ju\u00e1rez y Parral, Javier Garfio, Enrique Serrano y Miguel Jurado, respectivamente, dieron inicio a las festividades de la Feria con la coronaci\u00f3n de la reina de la Feria Internacional Santa Rita ExpoGan 2015.<\/p>\n<p style=\"text-align: justify;\">En su mensaje el titular del Ejecutivo Estatal dijo que con esta feria se hace el reconocimiento a un pueblo que ha forjado su historia con el esfuerzo y recalc\u00f3 que la asistencia de tantas personas a este evento, es se\u00f1al de que Chihuahua ha dejado atr\u00e1s el miedo y que ahora recuperan los espacios p\u00fablicos, a la vez que ense\u00f1a a las nuevas generaciones los valores propios que nos dan identidad como chihuahuenses.<\/p>\n<p style=\"text-align: justify;\">Reconoci\u00f3 la calidad de la ganader\u00eda de Chihuahua, gracias a la aplicaci\u00f3n de programas para la mejora de la gen\u00e9tica ganadera, con lo que se tiene mucha calidad con lo que se asegura penetrar los mercados internacionales y mantener el valor de un producto que nos es muy caro producir.<\/p>\n","protected":false},"excerpt":{"rendered":"<p>El gobernador del estado, C\u00e9sar Duarte J\u00e1quez, y\u00a0 la presidenta del DIF Estatal, Bertha G\u00f3mez de Duarte, acompa\u00f1ados por los presidentes municipales de Chihuahua, Ju\u00e1rez y Parral, Javier Garfio, Enrique Serrano y Miguel Jurado, respectivamente, dieron inicio a las festividades de la Feria con la coronaci\u00f3n de la reina de la Feria Internacional Santa Rita [&hellip;]<\/p>\n","protected":false},"author":1,"featured_media":1995,"comment_status":"open","ping_status":"open","sticky":false,"template":"","format":"standard","meta":{"rop_custom_images_group":[],"rop_custom_messages_group":[],"rop_publish_now":"initial","rop_publish_now_accounts":[],"rop_publish_now_history":[],"rop_publish_now_status":"pending","footnotes":""},"categories":[70],"tags":[23],"class_list":["post-1994","post","type-post","status-publish","format-standard","has-post-thumbnail","hentry","category-espectaculos","tag-destacado"],"_links":{"self":[{"href":"https:\/\/notiissa.mx\/index.php?rest_route=\/wp\/v2\/posts\/1994","targetHints":{"allow":["GET"]}}],"collection":[{"href":"https:\/\/notiissa.mx\/index.php?rest_route=\/wp\/v2\/posts"}],"about":[{"href":"https:\/\/notiissa.mx\/index.php?rest_route=\/wp\/v2\/types\/post"}],"author":[{"embeddable":true,"href":"https:\/\/notiissa.mx\/index.php?rest_route=\/wp\/v2\/users\/1"}],"replies":[{"embeddable":true,"href":"https:\/\/notiissa.mx\/index.php?rest_route=%2Fwp%2Fv2%2Fcomments&post=1994"}],"version-history":[{"count":1,"href":"https:\/\/notiissa.mx\/index.php?rest_route=\/wp\/v2\/posts\/1994\/revisions"}],"predecessor-version":[{"id":1996,"href":"https:\/\/notiissa.mx\/index.php?rest_route=\/wp\/v2\/posts\/1994\/revisions\/1996"}],"wp:featuredmedia":[{"embeddable":true,"href":"https:\/\/notiissa.mx\/index.php?rest_route=\/wp\/v2\/media\/1995"}],"wp:attachment":[{"href":"https:\/\/notiissa.mx\/index.php?rest_route=%2Fwp%2Fv2%2Fmedia&parent=1994"}],"wp:term":[{"taxonomy":"category","embeddable":true,"href":"https:\/\/notiissa.mx\/index.php?rest_route=%2Fwp%2Fv2%2Fcategories&post=1994"},{"taxonomy":"post_tag","embeddable":true,"href":"https:\/\/notiissa.mx\/index.php?rest_route=%2Fwp%2Fv2%2Ftags&post=1994"}],"curies":[{"name":"wp","href":"https:\/\/api.w.org\/{rel}","templated":true}]}}