{"id":19763,"date":"2019-12-21T22:56:39","date_gmt":"2019-12-21T22:56:39","guid":{"rendered":"http:\/\/notiissa.mx\/?p=19763"},"modified":"2019-12-21T22:56:39","modified_gmt":"2019-12-21T22:56:39","slug":"piden-prision-para-quien-abandone-a-personas-vulnerables-gppan","status":"publish","type":"post","link":"https:\/\/notiissa.mx\/?p=19763","title":{"rendered":"Piden prisi\u00f3n para quien abandone a personas vulnerables: GPPAN"},"content":{"rendered":"<div>En la presentaci\u00f3n de dict\u00e1menes en este diciembre del 2019, la Bancada del PAN propuso diversas propuestas con el objetivo de reformar el C\u00f3digo Penal del Estado de Chihuahua, con la intenci\u00f3n de aumentar las penas al delito de omisi\u00f3n de cuidados, ya que en la actualidad son de cinco a seis meses de prisi\u00f3n.<\/div>\n<div><\/div>\n<div>La Comisi\u00f3n de Justicia dispuso que quien abandone a una persona incapaz de valerse por s\u00ed misma teniendo la obligaci\u00f3n de cuidarla, se le impondr\u00e1n de uno a cinco a\u00f1os de prisi\u00f3n si no resultare lesi\u00f3n o da\u00f1o alguno. Si el sujeto activo fuese m\u00e9dico o profesionista similar o auxiliar, tambi\u00e9n se le suspender\u00e1 en el ejercicio de su profesi\u00f3n hasta por dos a\u00f1os.<\/div>\n<div><\/div>\n<div>Dentro de esta reforma se precisa que si el sujeto activo fuese quien ejerce la patria potestad o tutela del pasivo, se le sancionar\u00e1 adem\u00e1s con la suspensi\u00f3n o p\u00e9rdida de los derechos derivados de la patria potestad o de la tutela, en los t\u00e9rminos del C\u00f3digo Civil del Estado de Chihuahua.<\/div>\n<div><\/div>\n<div>Esta propuesta va con la intenci\u00f3n beneficiar a los grupos vulnerables: ni\u00f1as,ni\u00f1os, adolescentes y adultos mayores.<\/div>\n<div><\/div>\n","protected":false},"excerpt":{"rendered":"<p>En la presentaci\u00f3n de dict\u00e1menes en este diciembre del 2019, la Bancada del PAN propuso diversas propuestas con el objetivo de reformar el C\u00f3digo Penal del Estado de Chihuahua, con la intenci\u00f3n de aumentar las penas al delito de omisi\u00f3n de cuidados, ya que en la actualidad son de cinco a seis meses de prisi\u00f3n. [&hellip;]<\/p>\n","protected":false},"author":1,"featured_media":19764,"comment_status":"open","ping_status":"open","sticky":false,"template":"","format":"standard","meta":{"rop_custom_images_group":[],"rop_custom_messages_group":[],"rop_publish_now":"initial","rop_publish_now_accounts":[],"rop_publish_now_history":[],"rop_publish_now_status":"pending","footnotes":""},"categories":[72],"tags":[],"class_list":["post-19763","post","type-post","status-publish","format-standard","has-post-thumbnail","hentry","category-estado"],"_links":{"self":[{"href":"https:\/\/notiissa.mx\/index.php?rest_route=\/wp\/v2\/posts\/19763","targetHints":{"allow":["GET"]}}],"collection":[{"href":"https:\/\/notiissa.mx\/index.php?rest_route=\/wp\/v2\/posts"}],"about":[{"href":"https:\/\/notiissa.mx\/index.php?rest_route=\/wp\/v2\/types\/post"}],"author":[{"embeddable":true,"href":"https:\/\/notiissa.mx\/index.php?rest_route=\/wp\/v2\/users\/1"}],"replies":[{"embeddable":true,"href":"https:\/\/notiissa.mx\/index.php?rest_route=%2Fwp%2Fv2%2Fcomments&post=19763"}],"version-history":[{"count":1,"href":"https:\/\/notiissa.mx\/index.php?rest_route=\/wp\/v2\/posts\/19763\/revisions"}],"predecessor-version":[{"id":19765,"href":"https:\/\/notiissa.mx\/index.php?rest_route=\/wp\/v2\/posts\/19763\/revisions\/19765"}],"wp:featuredmedia":[{"embeddable":true,"href":"https:\/\/notiissa.mx\/index.php?rest_route=\/wp\/v2\/media\/19764"}],"wp:attachment":[{"href":"https:\/\/notiissa.mx\/index.php?rest_route=%2Fwp%2Fv2%2Fmedia&parent=19763"}],"wp:term":[{"taxonomy":"category","embeddable":true,"href":"https:\/\/notiissa.mx\/index.php?rest_route=%2Fwp%2Fv2%2Fcategories&post=19763"},{"taxonomy":"post_tag","embeddable":true,"href":"https:\/\/notiissa.mx\/index.php?rest_route=%2Fwp%2Fv2%2Ftags&post=19763"}],"curies":[{"name":"wp","href":"https:\/\/api.w.org\/{rel}","templated":true}]}}