{"id":19754,"date":"2019-12-21T22:24:50","date_gmt":"2019-12-21T22:24:50","guid":{"rendered":"http:\/\/notiissa.mx\/?p=19754"},"modified":"2019-12-21T22:24:50","modified_gmt":"2019-12-21T22:24:50","slug":"atenderan-guardias-en-gobierno-del-estado-durante-vacaciones","status":"publish","type":"post","link":"https:\/\/notiissa.mx\/?p=19754","title":{"rendered":"Atender\u00e1n guardias en Gobierno del Estado durante vacaciones"},"content":{"rendered":"<p class=\"yiv3892482245gmail-MsoListParagraph\">Salen 4 mil 235 empleados que representan el 30% del personal al servicio del Estado.<\/p>\n<p class=\"yiv3892482245MsoNormal\">A partir del pasado 19 de diciembre inici\u00f3 el periodo vacacional para una tercera parte de la plantilla de trabajadores al servicio del Gobierno del Estado, correspondiente a este fin de a\u00f1o 2019, lo cual no implicar\u00e1 el cierre de servicios ni de la atenci\u00f3n al p\u00fablico usuario.<\/p>\n<p class=\"yiv3892482245MsoNormal\">Con ese motivo, disfrutar\u00e1n de vacaciones un total de 4 mil 235 servidores p\u00fablicos de las diversas dependencias de la administraci\u00f3n estatal, cantidad que representa el 30% del total del personal que labora en las dependencias estatales.<\/p>\n<p class=\"yiv3892482245MsoNormal\">El otorgamiento de dicha prestaci\u00f3n no motiva la suspensi\u00f3n de servicios y atenci\u00f3n al p\u00fablico, ya que permanecer\u00e1n laborando, en condiciones de guardias en cada dependencia, adem\u00e1s de mantener la regularidad de las funciones en los sectores prioritarios.<\/p>\n<p class=\"yiv3892482245MsoNormal\">En total, 9,493 trabajadores, que representan el 70% del total, estar\u00e1n en servicio durante las vacaciones decembrinas.<\/p>\n<p class=\"yiv3892482245MsoNormal\">\u00a0Las dependencias que atienden p\u00fablico en general, como son Fiscal\u00eda, Registro Civil, Recaudaciones de Rentas, laborar\u00e1n en horario habitual.<\/p>\n<p class=\"yiv3892482245MsoNormal\">De igual forma, los servicios hospitalarios y de atenci\u00f3n a la salud permanecer\u00e1n con sus funciones habituales.<\/p>\n<p class=\"yiv3892482245MsoNormal\">\u00a0En apego a la Ley Federal del Trabajo, los d\u00edas 25 de diciembre y 1 de enero de 2020 ser\u00e1n inh\u00e1biles.<\/p>\n","protected":false},"excerpt":{"rendered":"<p>Salen 4 mil 235 empleados que representan el 30% del personal al servicio del Estado. A partir del pasado 19 de diciembre inici\u00f3 el periodo vacacional para una tercera parte de la plantilla de trabajadores al servicio del Gobierno del Estado, correspondiente a este fin de a\u00f1o 2019, lo cual no implicar\u00e1 el cierre de [&hellip;]<\/p>\n","protected":false},"author":1,"featured_media":19755,"comment_status":"open","ping_status":"open","sticky":false,"template":"","format":"standard","meta":{"rop_custom_images_group":[],"rop_custom_messages_group":[],"rop_publish_now":"initial","rop_publish_now_accounts":[],"rop_publish_now_history":[],"rop_publish_now_status":"pending","footnotes":""},"categories":[72],"tags":[23],"class_list":["post-19754","post","type-post","status-publish","format-standard","has-post-thumbnail","hentry","category-estado","tag-destacado"],"_links":{"self":[{"href":"https:\/\/notiissa.mx\/index.php?rest_route=\/wp\/v2\/posts\/19754","targetHints":{"allow":["GET"]}}],"collection":[{"href":"https:\/\/notiissa.mx\/index.php?rest_route=\/wp\/v2\/posts"}],"about":[{"href":"https:\/\/notiissa.mx\/index.php?rest_route=\/wp\/v2\/types\/post"}],"author":[{"embeddable":true,"href":"https:\/\/notiissa.mx\/index.php?rest_route=\/wp\/v2\/users\/1"}],"replies":[{"embeddable":true,"href":"https:\/\/notiissa.mx\/index.php?rest_route=%2Fwp%2Fv2%2Fcomments&post=19754"}],"version-history":[{"count":1,"href":"https:\/\/notiissa.mx\/index.php?rest_route=\/wp\/v2\/posts\/19754\/revisions"}],"predecessor-version":[{"id":19756,"href":"https:\/\/notiissa.mx\/index.php?rest_route=\/wp\/v2\/posts\/19754\/revisions\/19756"}],"wp:featuredmedia":[{"embeddable":true,"href":"https:\/\/notiissa.mx\/index.php?rest_route=\/wp\/v2\/media\/19755"}],"wp:attachment":[{"href":"https:\/\/notiissa.mx\/index.php?rest_route=%2Fwp%2Fv2%2Fmedia&parent=19754"}],"wp:term":[{"taxonomy":"category","embeddable":true,"href":"https:\/\/notiissa.mx\/index.php?rest_route=%2Fwp%2Fv2%2Fcategories&post=19754"},{"taxonomy":"post_tag","embeddable":true,"href":"https:\/\/notiissa.mx\/index.php?rest_route=%2Fwp%2Fv2%2Ftags&post=19754"}],"curies":[{"name":"wp","href":"https:\/\/api.w.org\/{rel}","templated":true}]}}