{"id":19729,"date":"2019-12-19T21:26:20","date_gmt":"2019-12-19T21:26:20","guid":{"rendered":"http:\/\/notiissa.mx\/?p=19729"},"modified":"2019-12-19T21:26:20","modified_gmt":"2019-12-19T21:26:20","slug":"el-nuevo-salario-minimo-de-mexico-una-politica-a-contrapelo-de-las-desventuras-que-se-viven-en-otros-paises","status":"publish","type":"post","link":"https:\/\/notiissa.mx\/?p=19729","title":{"rendered":"El nuevo salario m\u00ednimo de M\u00e9xico, una pol\u00edtica a contrapelo de las desventuras que se viven en otros pa\u00edses"},"content":{"rendered":"<p>Por Javier Buenrostro.<\/p>\n<p>Por segundo a\u00f1o consecutivo, el gobierno de L\u00f3pez Obrador ha logrado consensuar con las c\u00e1maras comerciales y los sindicatos de trabajadores un aumento hist\u00f3rico del salario m\u00ednimo del 20%. Es el m\u00e1s alto en m\u00e1s de cuarenta a\u00f1os que, aunado al 16% del aumento del a\u00f1o pasado, hace que el salario m\u00ednimo haya aumentado en casi un 40% en trece meses. Un equivalente al acumulado de los \u00faltimos dos sexenios del r\u00e9gimen anterior.<\/p>\n<p><strong>Hay que recalcar que el aumento no ha sido por decreto, sino gracias a un acuerdo de varios actores incluido el sector empresaria<\/strong>l. No es una imposici\u00f3n. Es una medida que ayudar\u00e1 a reforzar el mercado y consumo internos as\u00ed como los mecanismos de solidaridad mutua que buscan satisfacer las necesidades b\u00e1sicas de las personas, algo que L\u00f3pez Obrador ha retomado de los conceptos de econom\u00eda moral.<\/p>\n<p>Este aumento salarial por segundo a\u00f1o consecutivo muestra que para hacerlo bastaba la voluntad pol\u00edtica del Ejecutivo para buscar acuerdos con los empresarios. Durante las d\u00e9cadas del neoliberalismo, los salarios siempre crecieron por debajo de la inflaci\u00f3n, perjudicando la \u00fanica fuente de ingreso de la clase trabajadora y pauperizando sus condiciones vida, todos los d\u00edas por m\u00e1s de cuarenta a\u00f1os. Por lo mismo, AMLO volvi\u00f3 a comprometerse en que durante su administraci\u00f3n los salarios se ampliar\u00edan siempre por arriba de la inflaci\u00f3n, contrario a lo que ocurr\u00eda antes cuando el aumento era casi siempre por debajo de la tasa inflacionaria.<\/p>\n<p>Los ajustes son m\u00e1s que necesarios, dado que M\u00e9xico tiene uno de los peores salarios a escala continental, con un ingreso mensual de apenas 150 d\u00f3lares, una cantidad que no permite estar ni siquiera en los niveles m\u00ednimos de bienestar. Casi la mitad de la poblaci\u00f3n en M\u00e9xico percibe hasta dos salarios m\u00ednimos por lo que esta medida es de alto impacto para la mayor\u00eda de los trabajadores. El reto es garantizar ese piso para las necesidades b\u00e1sicas. Es la hoja de ruta que se ha trazado el gobierno de L\u00f3pez Obrador para que al finalizar su sexenio se alcance un salario m\u00ednimo de alrededor de 300 d\u00f3lares mensuales, cifra que doblar\u00eda la que hab\u00eda al iniciarse su mandato, y que aun as\u00ed, apenas equivaldr\u00eda al poder adquisitivo de hace cuarenta a\u00f1os.<\/p>\n<p>A pesar de lo imperioso que son los aumentos salariales en M\u00e9xico, <strong>el gobierno ha actuado con responsabilidad al conciliarlos con los empresarios y evitando que sean por decreto para impedir que se genere un clima de inestabilidad pol\u00edtica y econ\u00f3mica<\/strong>, que podr\u00eda influir negativamente en la inflaci\u00f3n que hoy se tiene controlada en alrededor del 3% y con tasas de intereses a la baja de manera continua. Y aunque insuficientes todav\u00eda, los incrementos son una buena noticia en materia de justicia laboral cuando escuchamos que a diario hay retrocesos en Francia y Chile en materia de pensiones o las que sufri\u00f3 de manera constante Argentina en el poder adquisitivo durante el gobierno de Macri, solo por poner un par de ejemplos de manufactura reciente.<\/p>\n<p>Por a\u00f1os se ha dicho que los aumentos salariales eran imposibles porque, de acuerdo a los libros de texto, provocan espirales inflacionarias que a su vez suelen tener como consecuencia devaluaciones. El caso mexicano est\u00e1 demostrando que un incremento significativo es posible aunque debe ir de la mano con los principales sectores econ\u00f3micos, como en esta ocasi\u00f3n lo ha sido el Consejo Coordinador Empresarial (CCE), que agrupa a los empresarios m\u00e1s importantes del pa\u00eds. <strong>Otro logro que no esperaban ver los agoreros del desastre ni los economistas de corte neoliberal<\/strong>. Es bueno que la pol\u00edtica y sus acuerdos est\u00e9n por arriba de la econom\u00eda y sus recetas, y que las habilidades de di\u00e1logo pol\u00edtico de L\u00f3pez Obrador se muestren altamente eficaces y lejanas del autoritarismo o la imposici\u00f3n.<\/p>\n<p>A pesar de todo lo anterior los conservadores se\u00f1alan que el aumento no se deber\u00eda dar en esta forma sino en relaci\u00f3n a los \u00edndices de productividad. Un elemento ret\u00f3rico m\u00e1s que lo que busca es mantener los privilegios de ciertos sectores econ\u00f3micos ignorando las necesidades b\u00e1sicas de los trabajadores. <strong>Por d\u00e9cadas, el salario de los trabajadores ha ido no solo por debajo de la inflaci\u00f3n sino de la productividad laboral<\/strong>. Por ejemplo, durante el milagro mexicano (1946-1970) el aumento salarial era de cinco a diez veces menor a los \u00edndices de productividad, lo que arroja que en una d\u00e9cada de esta bonanza econ\u00f3mica el incremento salarial del trabajador estuvo de 50 a 100 veces por debajo del aumento de la productividad que gener\u00f3. Un verdadero esc\u00e1ndalo que confirma que la tesis de la riqueza por derrama o por goteo es el enga\u00f1o m\u00e1s habitual al que quiere someterse a la sociedad en el capitalismo y el neoliberalismo.<\/p>\n<p>Falta un largo camino todav\u00eda en t\u00e9rminos de justicia salarial y laboral. Si L\u00f3pez Obrador sigue en este camino, al final de su gobierno (2024) se habr\u00e1 resarcido la p\u00e9rdida de poder adquisitivo del \u00faltimo medio siglo para ubicarse en niveles similares a los de 1976. Gran, gran logro. Y a pesar de eso, en ese momento se estar\u00eda a una distancia similar a la que hubo entre 1976 y 1939, que ha sido el momento donde el trabajador ten\u00eda las mejores condiciones salariales del \u00faltimo siglo, justo en las postrimer\u00edas del gobierno de L\u00e1zaro C\u00e1rdenas.<\/p>\n<p>Es decir, <strong>en condiciones salariales el mejor momento para el trabajador mexicano fue hace ochenta a\u00f1os<\/strong>. Y aunque desconozco a profundidad su historia, un lapso de tiempo similar deber ser para los casos argentino y brasile\u00f1o, y unos sesenta a\u00f1os para el caso franc\u00e9s. El capitalismo, y en especial el neoliberalismo, han tratado de acabar con todo pero especialmente con los derechos laborales: pensiones, acceso a la salud y a la educaci\u00f3n, poder adquisitivo. Hoy en d\u00eda, hasta la explotaci\u00f3n laboral formal pareciera ya ser un privilegio en comparaci\u00f3n a la explotaci\u00f3n por &#8216;outsourcing&#8217; que se hace del trabajador.<\/p>\n<p>Y este es el tema que debe estar en la agenda del gobierno de L\u00f3pez Obrador y empujar m\u00e1s ante un Congreso y sectores empresariales que est\u00e1n mostrando profundas reticencias. Enhorabuena por lo logrado en materia salarial, es un avance que va por buen camino y a contrapelo de las desventuras que se est\u00e1n viviendo en otros pa\u00edses como Chile, Francia y el gobierno que reci\u00e9n termin\u00f3 en Argentina. En materia de &#8216;outsourcing&#8217; se debe legislar con mayor rapidez y contundencia, porque es una forma de esclavitud moderna que est\u00e1 destruyendo a generaciones de j\u00f3venes alrededor del mundo.<\/p>\n<p>Ojal\u00e1 en esto tambi\u00e9n el gobierno de L\u00f3pez Obrador le pudiera dar un ejemplo al mundo y tratar por todos los medios de limitarlo a casos muy espec\u00edficos y finitos en el tiempo.<\/p>\n<p>Javier Buenrostro, historiador por la Universidad Nacional Aut\u00f3noma de M\u00e9xico y McGill University.<\/p>\n<p>@BuenrostrJavier<\/p>\n<p>&nbsp;<\/p>\n<p>Las declaraciones y opiniones expresadas en este art\u00edculo son de exclusiva responsabilidad de su autor.<\/p>\n","protected":false},"excerpt":{"rendered":"<p>Por Javier Buenrostro. Por segundo a\u00f1o consecutivo, el gobierno de L\u00f3pez Obrador ha logrado consensuar con las c\u00e1maras comerciales y los sindicatos de trabajadores un aumento hist\u00f3rico del salario m\u00ednimo del 20%. Es el m\u00e1s alto en m\u00e1s de cuarenta a\u00f1os que, aunado al 16% del aumento del a\u00f1o pasado, hace que el salario m\u00ednimo [&hellip;]<\/p>\n","protected":false},"author":1,"featured_media":19730,"comment_status":"open","ping_status":"open","sticky":false,"template":"","format":"standard","meta":{"rop_custom_images_group":[],"rop_custom_messages_group":[],"rop_publish_now":"initial","rop_publish_now_accounts":[],"rop_publish_now_history":[],"rop_publish_now_status":"pending","footnotes":""},"categories":[75,61,77],"tags":[],"class_list":["post-19729","post","type-post","status-publish","format-standard","has-post-thumbnail","hentry","category-actualidad","category-economia","category-ni-lectoris"],"_links":{"self":[{"href":"https:\/\/notiissa.mx\/index.php?rest_route=\/wp\/v2\/posts\/19729","targetHints":{"allow":["GET"]}}],"collection":[{"href":"https:\/\/notiissa.mx\/index.php?rest_route=\/wp\/v2\/posts"}],"about":[{"href":"https:\/\/notiissa.mx\/index.php?rest_route=\/wp\/v2\/types\/post"}],"author":[{"embeddable":true,"href":"https:\/\/notiissa.mx\/index.php?rest_route=\/wp\/v2\/users\/1"}],"replies":[{"embeddable":true,"href":"https:\/\/notiissa.mx\/index.php?rest_route=%2Fwp%2Fv2%2Fcomments&post=19729"}],"version-history":[{"count":1,"href":"https:\/\/notiissa.mx\/index.php?rest_route=\/wp\/v2\/posts\/19729\/revisions"}],"predecessor-version":[{"id":19731,"href":"https:\/\/notiissa.mx\/index.php?rest_route=\/wp\/v2\/posts\/19729\/revisions\/19731"}],"wp:featuredmedia":[{"embeddable":true,"href":"https:\/\/notiissa.mx\/index.php?rest_route=\/wp\/v2\/media\/19730"}],"wp:attachment":[{"href":"https:\/\/notiissa.mx\/index.php?rest_route=%2Fwp%2Fv2%2Fmedia&parent=19729"}],"wp:term":[{"taxonomy":"category","embeddable":true,"href":"https:\/\/notiissa.mx\/index.php?rest_route=%2Fwp%2Fv2%2Fcategories&post=19729"},{"taxonomy":"post_tag","embeddable":true,"href":"https:\/\/notiissa.mx\/index.php?rest_route=%2Fwp%2Fv2%2Ftags&post=19729"}],"curies":[{"name":"wp","href":"https:\/\/api.w.org\/{rel}","templated":true}]}}