{"id":19659,"date":"2019-12-17T20:17:50","date_gmt":"2019-12-17T20:17:50","guid":{"rendered":"http:\/\/notiissa.mx\/?p=19659"},"modified":"2019-12-17T20:17:50","modified_gmt":"2019-12-17T20:17:50","slug":"artesanas-de-pueblos-originarios-presentaran-sus-disenos-en-bikya-sewa","status":"publish","type":"post","link":"https:\/\/notiissa.mx\/?p=19659","title":{"rendered":"Artesanas de pueblos originarios presentar\u00e1n sus dise\u00f1os en \u201cBikya Sew\u00e1\u201d"},"content":{"rendered":"<p class=\"yiv4638191544gmail-yiv5268514234msonormal\"><i>Por primera vez, mujeres y hombres de las culturas ind\u00edgenas ral\u00e1muli, guaroj\u00edo y wix\u00e1rica, modelar\u00e1n estas vestimentas; evento gratuito a desarrollarse el mi\u00e9rcoles 18 de diciembre a las 6 de la tarde en Casa Chihuahua.<\/i><\/p>\n<p class=\"yiv4638191544gmail-yiv5268514234msonormal\">Gobierno del Estado de Chihuahua, a trav\u00e9s de la Secretar\u00eda de Cultura, de forma conjunta con la Secretar\u00eda de Cultura del Gobierno Federal, invitan a la pasarela de moda \u00a0\u201cBikya Sew\u00e1\u201d (Tres Flores).<\/p>\n<p class=\"yiv4638191544gmail-yiv5268514234msonormal\">\u00a0En el desfile, que ser\u00e1 gratuito, y musicalizado por el DJ ral\u00e1muli Jairo Castillo, se presentar\u00e1n y modelar\u00e1n dise\u00f1os originales de las artesanas Bertha Vega Cruz, Francisca Santane\u00f1o Palomo y Aracely Severiano Zamarr\u00f3n.<\/p>\n<p class=\"yiv4638191544gmail-yiv5268514234msonormal\">\u00a0La pasarela tendr\u00e1 lugar el mi\u00e9rcoles 18 de diciembre en las instalaciones de Casa Chihuahua Centro de Patrimonio Cultural, en punto de las 6 de la tarde, en donde por primera vez, mujeres y hombres de los pueblos originarios ral\u00e1muli y guaroj\u00edo, adem\u00e1s del wix\u00e1rica (huichol), modelar\u00e1n vestimentas originales.<\/p>\n<p class=\"yiv4638191544gmail-yiv5268514234msonormal\">\u00a0En rueda de prensa, la secretaria de Cultura, Concepci\u00f3n Landa Garc\u00eda T\u00e9llez, destac\u00f3 la importancia de la recuperaci\u00f3n del patrimonio inmaterial y los saberes, a trav\u00e9s de este proyecto, con el que se transforma la iconograf\u00eda (descripci\u00f3n del tema representado en im\u00e1genes art\u00edsticas) de estas culturas, en materia de vestimentas.<\/p>\n<p class=\"yiv4638191544gmail-yiv5268514234msonormal\">\u00a0Este desfile de moda surge del proyecto \u201cPlasmar el Arte en Tela\u201d financiado por el Programa para el Desarrollo Integral de las Culturas de los Pueblos y las Comunidades Ind\u00edgenas (Prodici), de la Unidad Regional Chihuahua de Culturas Populares Ind\u00edgenas y Urbanas de la citada dependencia estatal.<\/p>\n<p class=\"yiv4638191544gmail-yiv5268514234msonormal\">\u00a0Mediante dicha propuesta se realiz\u00f3 un taller de costura y posteriormente la pasarela, que brindar\u00e1 un mayor alcance a los objetivos de las responsables, gracias a la suma de un grupo de voluntarias y voluntarios del mundo de la moda chihuahuense, como la Asociaci\u00f3n Mexicana de Mujeres Empresarias, la maquillista profesional Denisse Salcido y el colectivo Norte 27.<\/p>\n<p class=\"yiv4638191544gmail-yiv5268514234msonormal\">\u00a0En el contexto de la tendencia mundial actual, existe un furor por las vestimentas tradicionales, sin embargo, en ocasiones, personas ajenas a las culturas originarias se apropian de sus creaciones, con el af\u00e1n de comercializar, sin tener mayores antecedentes.<\/p>\n<p class=\"yiv4638191544gmail-yiv5268514234msonormal\">\u00a0Es por ello que se fomenta la apropiaci\u00f3n y el orgullo de pertenencia de las culturas de los pueblos originarios de Chihuahua, potenciando que las mujeres de la sierra chihuahuense aprovechen su creatividad art\u00edstica para hacer una oferta basada en las iconograf\u00edas ral\u00e1muli y guaroj\u00edo.<\/p>\n<p class=\"yiv4638191544gmail-yiv5268514234msonormal\">Gustavo Palacio, jefe de la Unidad Regional Chihuahua de Culturas Populares, Ind\u00edgenas y Urbanas, relat\u00f3 que este evento coincide con varios hechos trascendentales que ocurrieron en torno a la defensa del robo de dise\u00f1os de las comunidades ind\u00edgenas.<\/p>\n<p class=\"yiv4638191544gmail-yiv5268514234msonormal\">\u201cEn el mes de enero, la Comisi\u00f3n Nacional de los Derechos Humanos emite la recomendaci\u00f3n n\u00famero 35, sobre la protecci\u00f3n del patrimonio cultural de los pueblos ind\u00edgenas de la Rep\u00fablica Mexicana\u201d, mencion\u00f3 como ejemplo.<\/p>\n<p class=\"yiv4638191544gmail-yiv5268514234msonormal\">Los dise\u00f1os recrean una l\u00ednea en el tiempo, que va desde la vestimenta antigua, pasando por la moda tradicional, hasta llegar a una propuesta contempor\u00e1nea que fusiona gustos en una gran variedad de telas, colores y bordados.<\/p>\n<p class=\"yiv4638191544gmail-yiv5268514234msonormal\">\u201cTres Flores\u201d, \u201cBikya Sew\u00e1\u201d traducido al ral\u00e1muli, fue el nombre elegido por las propias dise\u00f1adoras: Bertha, originaria del municipio de Bocoyna;\u00a0\u00a0 Francisca, del pueblo guaroj\u00edo nacida en el municipio de Uruachi; y Aracely, del municipio de San Juanito.<\/p>\n","protected":false},"excerpt":{"rendered":"<p>Por primera vez, mujeres y hombres de las culturas ind\u00edgenas ral\u00e1muli, guaroj\u00edo y wix\u00e1rica, modelar\u00e1n estas vestimentas; evento gratuito a desarrollarse el mi\u00e9rcoles 18 de diciembre a las 6 de la tarde en Casa Chihuahua. Gobierno del Estado de Chihuahua, a trav\u00e9s de la Secretar\u00eda de Cultura, de forma conjunta con la Secretar\u00eda de Cultura [&hellip;]<\/p>\n","protected":false},"author":1,"featured_media":19660,"comment_status":"open","ping_status":"open","sticky":false,"template":"","format":"standard","meta":{"rop_custom_images_group":[],"rop_custom_messages_group":[],"rop_publish_now":"initial","rop_publish_now_accounts":[],"rop_publish_now_history":[],"rop_publish_now_status":"pending","footnotes":""},"categories":[73,62],"tags":[],"class_list":["post-19659","post","type-post","status-publish","format-standard","has-post-thumbnail","hentry","category-arte","category-cultura"],"_links":{"self":[{"href":"https:\/\/notiissa.mx\/index.php?rest_route=\/wp\/v2\/posts\/19659","targetHints":{"allow":["GET"]}}],"collection":[{"href":"https:\/\/notiissa.mx\/index.php?rest_route=\/wp\/v2\/posts"}],"about":[{"href":"https:\/\/notiissa.mx\/index.php?rest_route=\/wp\/v2\/types\/post"}],"author":[{"embeddable":true,"href":"https:\/\/notiissa.mx\/index.php?rest_route=\/wp\/v2\/users\/1"}],"replies":[{"embeddable":true,"href":"https:\/\/notiissa.mx\/index.php?rest_route=%2Fwp%2Fv2%2Fcomments&post=19659"}],"version-history":[{"count":1,"href":"https:\/\/notiissa.mx\/index.php?rest_route=\/wp\/v2\/posts\/19659\/revisions"}],"predecessor-version":[{"id":19661,"href":"https:\/\/notiissa.mx\/index.php?rest_route=\/wp\/v2\/posts\/19659\/revisions\/19661"}],"wp:featuredmedia":[{"embeddable":true,"href":"https:\/\/notiissa.mx\/index.php?rest_route=\/wp\/v2\/media\/19660"}],"wp:attachment":[{"href":"https:\/\/notiissa.mx\/index.php?rest_route=%2Fwp%2Fv2%2Fmedia&parent=19659"}],"wp:term":[{"taxonomy":"category","embeddable":true,"href":"https:\/\/notiissa.mx\/index.php?rest_route=%2Fwp%2Fv2%2Fcategories&post=19659"},{"taxonomy":"post_tag","embeddable":true,"href":"https:\/\/notiissa.mx\/index.php?rest_route=%2Fwp%2Fv2%2Ftags&post=19659"}],"curies":[{"name":"wp","href":"https:\/\/api.w.org\/{rel}","templated":true}]}}