{"id":19447,"date":"2019-12-10T18:06:22","date_gmt":"2019-12-10T18:06:22","guid":{"rendered":"http:\/\/notiissa.mx\/?p=19447"},"modified":"2019-12-10T18:06:22","modified_gmt":"2019-12-10T18:06:22","slug":"cuando-cambia-el-lenguaje-cambia-la-filosofia-de-la-gente-luisa-valenzuela","status":"publish","type":"post","link":"https:\/\/notiissa.mx\/?p=19447","title":{"rendered":"\u2018Cuando cambia el lenguaje, cambia la filosof\u00eda de la gente\u2019: Luisa Valenzuela"},"content":{"rendered":"<p>La ganadora del Premio Internacional Carlos Fuentes advierte que el feminismo lleg\u00f3 para tomar el poder.<\/p>\n<p>Por H\u00e9ctor Gonz\u00e1lez.<\/p>\n<p>Para <strong>Luisa Valenzuela<\/strong> (Buenos Aires, 1931), 2019 ser\u00e1 recordado como su a\u00f1o Carlos Fuentes. Hace unos d\u00edas, recibi\u00f3 la medalla que lleva por nombre al autor de <em>Aura<\/em> y apenas el lunes 9 de diciembre, recibi\u00f3 de parte del gobierno mexicano, el <strong>Premio Internacional Carlos Fuentes a la Creaci\u00f3n Literaria<\/strong>.<\/p>\n<p>Ambos reconocimientos, obligan a la escritora argentina a hacer un alto en el camino para revisar la dimensi\u00f3n de su obra. \u201cTengo la sensaci\u00f3n de haber publicado demasiados libros\u201d, apunta la autora de t\u00edtulos revulsivos como <strong><em>El gato eficaz<\/em><\/strong> o <em>Aqu\u00ed pasan cosas raras<\/em>.<\/p>\n<p>A sus 81 a\u00f1os, la Valenzuela prefiere ser cauta sobre su futuro. \u201cNo se si publicar\u00e9 m\u00e1s novela\u201d, advierte. Sin embargo, de inmediato revira y reconoce que la palabra jubilaci\u00f3n le da escalofr\u00edos.<\/p>\n<p><strong>Reconocimientos como el Premio Internacional Carlos Fuentes la obligan a hacer un balance de su obra, \u00bfno? <\/strong><\/p>\n<p>As\u00ed es, lo interesante de estos premios es que son a toda la obra y dedicaci\u00f3n. Sirven para reafirmar lo que uno a hecho a lo largo de los a\u00f1os, pero a la vez son inquietantes porque nos dicen que no hay que dormirnos en nuestros laureles. \u00a0No puedes bajar el nivel de exigencia, de lo contrario escribes a tontas y a locas. En lo personal soy muy dura conmigo misma, pero no s\u00e9 que pasar\u00e1 a partir de ahora. Tengo lo sensaci\u00f3n de haber escrito demasiados libros.<\/p>\n<p><strong>\u00bfPiensa en la jubilaci\u00f3n as\u00ed como Philip Roth?<\/strong><\/p>\n<p>La palabra jubilaci\u00f3n me da escalofr\u00edos, pero s\u00ed pienso en el descanso. No s\u00e9, cuando he dicho que no escribir\u00e9 m\u00e1s novela, siempre salta una sobre el escritorio. Creo que treinta libros son suficientes para una biblioteca. Sin embargo, apenas publiqu\u00e9 un nuevo volumen de cuentos, <em>El chiste de Dios, <\/em>as\u00ed que mejor no me adelanto. No s\u00e9 que pasar\u00e1.<\/p>\n<p><strong>\u00bfDespu\u00e9s de escribir tantos cuentos ha desarrollado alguna teor\u00eda del g\u00e9nero?<\/strong><\/p>\n<p>Teor\u00eda no, pero es un g\u00e9nero que me gusta mucho. Soy cuentista de alma, lo que sucede es que la novela te permite entrar en un universo y explorarlo. El cuento dec\u00eda Cort\u00e1zar, gana por knockout y la novela por puntos.<\/p>\n<p><strong>\u00bfY el microrrelato?<\/strong><\/p>\n<p>El microrrelato me parece sensacional. Hay una definici\u00f3n de Gonzalo Celorio que me encanta: La novela, es un matrimonio, da igual si es corto o largo; el cuento, es un amantazgo; y el microrrelato es el encuentro de una noche.<\/p>\n<p><strong>\u00bfUn microrrelato se escribe de un tir\u00f3n?<\/strong><\/p>\n<p>S\u00ed, despu\u00e9s se pule, pero si no lo escribes de un tir\u00f3n no es microrrelato.<\/p>\n<p><strong>Hace unos d\u00edas habl\u00f3 del feminismo actual como la quinta ola feminista, \u00bfcu\u00e1l es la diferencia de estas manifestaciones respecto a las anteriores?<\/strong><\/p>\n<p>Este es m\u00e1s masivo y tiene una conciencia tremenda acerca de los peligros que corren las mujeres. Hay una ola de feminicidios brutal en varios pa\u00edses. En Argentina muere una mujer cada treinta y dos horas, en M\u00e9xico la situaci\u00f3n es parecida. En mi pa\u00eds tenemos el tema del aborto legal y gratuito, son muchas quienes pierden la vida porque se lo practican desde la ilegalidad. Otra diferencia es la presencia de los varones. Muchos j\u00f3venes est\u00e1n saliendo a las calles para apoyar \u201cNi una menos\u201d.<\/p>\n<p><strong>Usted lo ha definido como un tsunami\u2026<\/strong><\/p>\n<p>As\u00ed es, es un tsunami mundial. Mira lo que ha sucedido con el performance <em>El violador eres t\u00fa,<\/em> creado por las chilenas. En una semana se replic\u00f3 en muchas ciudades del mundo. Hoy hay una toma de conciencia muy profunda. Antes \u00e9ramos las intelectuales y especialistas con una visi\u00f3n profunda y visceral del asunto, pero ahora se viene un movimiento expansivo. Prep\u00e1rense chicos que esto no lo para nadie.<\/p>\n<p><strong>\u00bfLleg\u00f3 para quedarse?<\/strong><\/p>\n<p>S\u00ed, lleg\u00f3 no solamente para quedarse sino para tomar el poder.<\/p>\n<p><strong>\u00bfLas cuotas de g\u00e9nero son necesarias?<\/strong><\/p>\n<p>Por el momento s\u00ed, son medio inc\u00f3modas porque a veces entra gente que no es tan valiosa, pero hace falta una conciencia de que antes todo lo dominaba el hombre.<\/p>\n<p><strong>Ahora hay una inercia de editoriales buscando escritoras, \u00bfse corre el riesgo de que esto se convierta en una moda?<\/strong><\/p>\n<p>Ya se convirti\u00f3 en una moda en un momento dado y predomin\u00f3 el facilismo. Una cosa era el feminismo de caj\u00f3n y sin profundidad, pero otra cosa es la reflexi\u00f3n seria. Siempre ha habido grandes escritoras y dentro de esa moda les lectores tendr\u00e1n que elegir.<\/p>\n<p><strong>Se suma al lenguaje inclusivo.<\/strong><\/p>\n<p>Estoy a favor. El \u201cles\u201d, me parece horrible pero seguramente es porque todav\u00eda no estoy acostumbrada. Lo extraordinario es la diversidad sexual que hay ahora y el lenguaje incluye esa diversidad. En lo personal busco sin\u00f3nimos neutros. \u00daltimamente he optado por usar los plurales en femenino porque soy una mujer. Cuando cambia el lenguaje, cambia la filosof\u00eda de la gente.<\/p>\n<p><strong>\u00bfA usted le toc\u00f3 padecer machismo?<\/strong><\/p>\n<p>S\u00ed, lo que pasa uno no se da cuenta. Me dec\u00edan que escrib\u00eda como hombre, casi a manera de halago. En Argentina siempre ha habido cierta resistencia a mi obra, creo que incomoda. Sucede todav\u00eda m\u00e1s con escritoras m\u00e1s politizadas como Elsa Osorio, autora con gran \u00e9xito en Europa, pero a quien cost\u00f3 trabajo ser apreciada en Argentina. En mi pa\u00eds hay un machismo solapado. A m\u00ed en realidad me da lo mismo, en M\u00e9xico me publican y leen bien. Siempre luch\u00e9 contra la idea de ser catalogada como escritora feminista, porque eso es una limitante. La escritura necesita libertad, pero no hay duda de que hay algo feminista subyacente.<\/p>\n<p><strong>La escucho y no creo que se vaya a jubilar\u2026<\/strong><\/p>\n<p>S\u00ed, tal vez. Tengo algunos proyectos pero no de novela, quiz\u00e1 deje de escribir narrativa. Tengo dos proyectos en ciernes. Uno es <em>El libro de la sal<\/em>, un elemento m\u00e1gico, purificador y el terror\u00edfico; otro, es <em>El libro del dinero,<\/em> porque me parece el mal de hoy.<\/p>\n<p>Aristegui Noticias<\/p>\n","protected":false},"excerpt":{"rendered":"<p>La ganadora del Premio Internacional Carlos Fuentes advierte que el feminismo lleg\u00f3 para tomar el poder. Por H\u00e9ctor Gonz\u00e1lez. Para Luisa Valenzuela (Buenos Aires, 1931), 2019 ser\u00e1 recordado como su a\u00f1o Carlos Fuentes. Hace unos d\u00edas, recibi\u00f3 la medalla que lleva por nombre al autor de Aura y apenas el lunes 9 de diciembre, recibi\u00f3 [&hellip;]<\/p>\n","protected":false},"author":1,"featured_media":19448,"comment_status":"open","ping_status":"open","sticky":false,"template":"","format":"standard","meta":{"rop_custom_images_group":[],"rop_custom_messages_group":[],"rop_publish_now":"initial","rop_publish_now_accounts":[],"rop_publish_now_history":[],"rop_publish_now_status":"pending","footnotes":""},"categories":[62],"tags":[],"class_list":["post-19447","post","type-post","status-publish","format-standard","has-post-thumbnail","hentry","category-cultura"],"_links":{"self":[{"href":"https:\/\/notiissa.mx\/index.php?rest_route=\/wp\/v2\/posts\/19447","targetHints":{"allow":["GET"]}}],"collection":[{"href":"https:\/\/notiissa.mx\/index.php?rest_route=\/wp\/v2\/posts"}],"about":[{"href":"https:\/\/notiissa.mx\/index.php?rest_route=\/wp\/v2\/types\/post"}],"author":[{"embeddable":true,"href":"https:\/\/notiissa.mx\/index.php?rest_route=\/wp\/v2\/users\/1"}],"replies":[{"embeddable":true,"href":"https:\/\/notiissa.mx\/index.php?rest_route=%2Fwp%2Fv2%2Fcomments&post=19447"}],"version-history":[{"count":1,"href":"https:\/\/notiissa.mx\/index.php?rest_route=\/wp\/v2\/posts\/19447\/revisions"}],"predecessor-version":[{"id":19449,"href":"https:\/\/notiissa.mx\/index.php?rest_route=\/wp\/v2\/posts\/19447\/revisions\/19449"}],"wp:featuredmedia":[{"embeddable":true,"href":"https:\/\/notiissa.mx\/index.php?rest_route=\/wp\/v2\/media\/19448"}],"wp:attachment":[{"href":"https:\/\/notiissa.mx\/index.php?rest_route=%2Fwp%2Fv2%2Fmedia&parent=19447"}],"wp:term":[{"taxonomy":"category","embeddable":true,"href":"https:\/\/notiissa.mx\/index.php?rest_route=%2Fwp%2Fv2%2Fcategories&post=19447"},{"taxonomy":"post_tag","embeddable":true,"href":"https:\/\/notiissa.mx\/index.php?rest_route=%2Fwp%2Fv2%2Ftags&post=19447"}],"curies":[{"name":"wp","href":"https:\/\/api.w.org\/{rel}","templated":true}]}}