{"id":19428,"date":"2019-12-10T15:48:18","date_gmt":"2019-12-10T15:48:18","guid":{"rendered":"http:\/\/notiissa.mx\/?p=19428"},"modified":"2019-12-10T15:48:18","modified_gmt":"2019-12-10T15:48:18","slug":"sensibilizan-sobre-discapacidad-a-180-ninas-y-ninos-de-preescolar","status":"publish","type":"post","link":"https:\/\/notiissa.mx\/?p=19428","title":{"rendered":"Sensibilizan sobre discapacidad a 180 ni\u00f1as y ni\u00f1os de preescolar"},"content":{"rendered":"<p class=\"yiv3156974187MsoNormal\"><i>Chihuahua.-La Direcci\u00f3n de Grupos Vulnerables imparti\u00f3 el taller \u201cPonte en mis zapatos\u201d.<\/i><\/p>\n<p class=\"yiv3156974187MsoNormal\"><i>La dependencia cuenta con este y otros cursos de inclusi\u00f3n, por lo que invita a instituciones educativas, p\u00fablicas y privadas a solicitarlos al tel\u00e9fono 4293300 extensi\u00f3n 17919.<\/i><\/p>\n<p class=\"yiv3156974187MsoNormal\">La Secretar\u00eda de Desarrollo Social, a trav\u00e9s de la Direcci\u00f3n de Grupos Vulnerables y Prevenci\u00f3n a la Discriminaci\u00f3n, inici\u00f3 con los talleres de sensibilizaci\u00f3n \u201cPonte en mis zapatos\u201d para 180 ni\u00f1as y ni\u00f1os de nivel de preescolar, con el prop\u00f3sito de promover la cultura de la inclusi\u00f3n en las nuevas generaciones.<\/p>\n<p class=\"yiv3156974187MsoNormal\">Durante las capacitaciones a escuelas pertenecientes a las Unidades de Servicio y Apoyo a la Educaci\u00f3n Regular (Usaer), aprender\u00e1n por medio de actividades vivenciales a identificar y sentir las barreras a las que se enfrentan las personas con alguna discapacidad.<\/p>\n<p class=\"yiv3156974187MsoNormal\">Con este tipo de acciones la Secretar\u00eda de Desarrollo Social busca que ni\u00f1as y ni\u00f1os cuenten con las herramientas necesarias para convertirse en multiplicadores de una cultura de inclusi\u00f3n dentro de la sociedad chihuahuense.<\/p>\n<p class=\"yiv3156974187MsoNormal\">Dentro de los jardines de ni\u00f1os que participan en esta sensibilizaci\u00f3n se encuentran las escuelas Laureana Writhg Gonz\u00e1lez, Cuauht\u00e9moc, Lydia G\u00f3mez Mar\u00edn, Mar\u00eda Elena Ch\u00e1vez, Miguel Hidalgo y Juan de la Barrera.<\/p>\n<p class=\"yiv3156974187MsoNormal\">La Direcci\u00f3n de Grupos Vulnerables inform\u00f3 que imparte este y otros cursos en materia de inclusi\u00f3n, por lo que invita a instituciones educativas, p\u00fablicas y privadas a solicitar este servicio; mayores informes al tel\u00e9fono 4293300 extensi\u00f3n 17919.<\/p>\n","protected":false},"excerpt":{"rendered":"<p>Chihuahua.-La Direcci\u00f3n de Grupos Vulnerables imparti\u00f3 el taller \u201cPonte en mis zapatos\u201d. La dependencia cuenta con este y otros cursos de inclusi\u00f3n, por lo que invita a instituciones educativas, p\u00fablicas y privadas a solicitarlos al tel\u00e9fono 4293300 extensi\u00f3n 17919. La Secretar\u00eda de Desarrollo Social, a trav\u00e9s de la Direcci\u00f3n de Grupos Vulnerables y Prevenci\u00f3n a [&hellip;]<\/p>\n","protected":false},"author":1,"featured_media":19429,"comment_status":"open","ping_status":"open","sticky":false,"template":"","format":"standard","meta":{"rop_custom_images_group":[],"rop_custom_messages_group":[],"rop_publish_now":"initial","rop_publish_now_accounts":[],"rop_publish_now_history":[],"rop_publish_now_status":"pending","footnotes":""},"categories":[72],"tags":[],"class_list":["post-19428","post","type-post","status-publish","format-standard","has-post-thumbnail","hentry","category-estado"],"_links":{"self":[{"href":"https:\/\/notiissa.mx\/index.php?rest_route=\/wp\/v2\/posts\/19428","targetHints":{"allow":["GET"]}}],"collection":[{"href":"https:\/\/notiissa.mx\/index.php?rest_route=\/wp\/v2\/posts"}],"about":[{"href":"https:\/\/notiissa.mx\/index.php?rest_route=\/wp\/v2\/types\/post"}],"author":[{"embeddable":true,"href":"https:\/\/notiissa.mx\/index.php?rest_route=\/wp\/v2\/users\/1"}],"replies":[{"embeddable":true,"href":"https:\/\/notiissa.mx\/index.php?rest_route=%2Fwp%2Fv2%2Fcomments&post=19428"}],"version-history":[{"count":1,"href":"https:\/\/notiissa.mx\/index.php?rest_route=\/wp\/v2\/posts\/19428\/revisions"}],"predecessor-version":[{"id":19430,"href":"https:\/\/notiissa.mx\/index.php?rest_route=\/wp\/v2\/posts\/19428\/revisions\/19430"}],"wp:featuredmedia":[{"embeddable":true,"href":"https:\/\/notiissa.mx\/index.php?rest_route=\/wp\/v2\/media\/19429"}],"wp:attachment":[{"href":"https:\/\/notiissa.mx\/index.php?rest_route=%2Fwp%2Fv2%2Fmedia&parent=19428"}],"wp:term":[{"taxonomy":"category","embeddable":true,"href":"https:\/\/notiissa.mx\/index.php?rest_route=%2Fwp%2Fv2%2Fcategories&post=19428"},{"taxonomy":"post_tag","embeddable":true,"href":"https:\/\/notiissa.mx\/index.php?rest_route=%2Fwp%2Fv2%2Ftags&post=19428"}],"curies":[{"name":"wp","href":"https:\/\/api.w.org\/{rel}","templated":true}]}}