{"id":19285,"date":"2019-12-05T01:05:54","date_gmt":"2019-12-05T01:05:54","guid":{"rendered":"http:\/\/notiissa.mx\/?p=19285"},"modified":"2019-12-05T01:05:54","modified_gmt":"2019-12-05T01:05:54","slug":"el-riesgo-de-tomar-un-taxi-en-mexico","status":"publish","type":"post","link":"https:\/\/notiissa.mx\/?p=19285","title":{"rendered":"El riesgo de tomar un taxi en M\u00e9xico"},"content":{"rendered":"<p>Una joven, reportada como desaparecida, regres\u00f3 a su hogar tras haber alertado sobre la actitud \u00absospechosa\u00bb del chofer del taxi en el que iba. La otra apareci\u00f3 muerta en la cajuela de una unidad de transporte.<\/p>\n<p>En menos de 24 horas, dos casos de violencia contra las mujeres han levantado una ola de indignaci\u00f3n en M\u00e9xico y ha puesto en evidencia la crisis que vive el pa\u00eds en esa materia.<\/p>\n<p>Esas son las historias de Laura Karen y Cintya. Aunque una de ellas regres\u00f3 con vida junto a sus familiares, la otra fue encontrada muerta. El denominador com\u00fan es que ambos casos ocurrieron a bordo de un taxi.<\/p>\n<h3>\u00abNo lleg\u00f3 en las mejores condiciones\u00bb<\/h3>\n<p>El caso que tuvo m\u00e1s visibilidad fue el de <strong>Laura Karen Esp\u00edndola<\/strong>, quien viajaba en un taxi poco antes de las 21:00 horas del pasado martes 3 de diciembre, sobre la calzada de Tlalpan, en Ciudad de M\u00e9xico, minutos antes de perder contacto con sus familiares.<\/p>\n<p>Karen le hab\u00eda escrito un mensaje de texto a su madre, dici\u00e9ndole que el conductor del veh\u00edculo en que viajaba se mostraba \u00absospechoso y grosero\u00bb.<\/p>\n<p>El mensaje de texto se viraliz\u00f3 en redes sociales junto con una fotograf\u00eda de la joven, quien estuvo\u00a0desaparecida toda la noche.<\/p>\n<p>Horas m\u00e1s tarde, un hermano de Karen public\u00f3\u00a0un mensaje en redes notificando que la joven hab\u00eda regresado\u00a0con vida, aunque \u00abno lleg\u00f3 en las mejores condiciones\u00bb. La informaci\u00f3n fue confirmada por la Secretar\u00eda de Seguridad Ciudadana de la capital mexicana.<\/p>\n<p>Ulises Lara L\u00f3pez, vocero de la Procuradur\u00eda capitalina, convalid\u00f3 que Karen lleg\u00f3 a casa por su propio pie la ma\u00f1ana de este mi\u00e9rcoles, cuando elementos de la dependencia\u00a0<strong>se encontraban en el domicilio<\/strong>\u00a0con sus familiares, a fin de recabar informaci\u00f3n sobre la desaparici\u00f3n.<\/p>\n<p>Lara explic\u00f3 que a\u00fan se encuentran reuniendo datos para completar la<strong>\u00a0carpeta de investigaci\u00f3n<\/strong>\u00a0que se abri\u00f3 por el caso. Asimismo, dio a conocer que\u00a0Karen est\u00e1 recibiendo atenci\u00f3n <strong>f\u00edsica y psicol\u00f3gica<\/strong> por parte de la dependencia.<\/p>\n<h3>Asesinada y maniatada<\/h3>\n<p>Cintya Gabriela Moreno Hern\u00e1ndez fue hallada muerta este mi\u00e9rcoles a bordo de un taxi en la\u00a0Agr\u00edcola Pantitl\u00e1n, alcald\u00eda de Iztacalco, en Ciudad de M\u00e9xico.<\/p>\n<p>La joven de 25 a\u00f1os hab\u00eda sido reportada como desaparecida desde el pasado 30 de noviembre, tras ser vista por \u00faltima vez en el municipio de\u00a0San Antonio La Isla, en el Estado de M\u00e9xico.<\/p>\n<p>Cuatro d\u00edas despu\u00e9s de esa alerta, vecinos de Iztacalco reportaron la presencia del cuerpo de un hombre\u00a0en el interior de un taxi con matr\u00edcula de circulaci\u00f3n 1442JGF de la ciudad de Toluca, Estado de M\u00e9xico.\u00a0Cuando las autoridades llegaron al lugar para hacer el levantamiento de la escena, descubrieron que en la cajuela\u00a0del auto\u00a0estaba el cad\u00e1ver de Cintya, quien fue encontrada atada de\u00a0manos, los ojos vendados y signos de tortura.<\/p>\n<p>La\u00a0Fiscal\u00eda del Estado de M\u00e9xico\u00a0tiene como\u00a0principal sospechoso\u00a0a la expareja de la joven.<\/p>\n<p>La Secretar\u00eda de Movilidad del Estado de M\u00e9xico inform\u00f3 que pondr\u00e1 a disposici\u00f3n de la Fiscal\u00eda de la entidad los datos sobre el taxi donde fue localizada Cintya, reporta el diario mexicano El Universal.<\/p>\n<h3>Una epidemia de violencia en taxi<\/h3>\n<p>La violencia contra mujeres a bordo de taxis se ha convertido en un tema recurrente en los \u00faltimos a\u00f1os.<\/p>\n<p>El pasado 17 de agosto,\u00a0<strong>Brenda de la Mora<\/strong>\u00a0escap\u00f3 de un chofer de Uber que intent\u00f3 secuestrarla, tras abordar una unidad en Ecatepec, Estado de M\u00e9xico. Despu\u00e9s de\u00a0bajar del autom\u00f3vil, la joven dio a conocer su caso en redes sociales.<\/p>\n<p>El pasado 18 de agosto, una joven educadora de nombre <strong>Mitzi<\/strong>, de\u00a024 a\u00f1os, pidi\u00f3 un servicio de Uber para que la llevara a una fiesta. Nunca lleg\u00f3 a su destino. Horas despu\u00e9s fue\u00a0encontrada muerta.<\/p>\n<p>La Secretar\u00eda de Movilidad del Estado de M\u00e9xico inform\u00f3 que pondr\u00e1 a disposici\u00f3n de la Fiscal\u00eda de la entidad los datos sobre el taxi donde fue localizada Cintya, reporta el diario mexicano El Universal.<\/p>\n<h3>Una epidemia de violencia en taxi<\/h3>\n<p>La violencia contra mujeres a bordo de taxis se ha convertido en un tema recurrente en los \u00faltimos a\u00f1os.<\/p>\n<p>El pasado 17 de agosto,\u00a0<strong>Brenda de la Mora<\/strong>\u00a0escap\u00f3 de un chofer de Uber que intent\u00f3 secuestrarla, tras abordar una unidad en Ecatepec, Estado de M\u00e9xico. Despu\u00e9s de\u00a0bajar del autom\u00f3vil, la joven dio a conocer su caso en redes sociales.<\/p>\n<p>El pasado 18 de agosto, una joven educadora de nombre <strong>Mitzi<\/strong>, de\u00a024 a\u00f1os, pidi\u00f3 un servicio de Uber para que la llevara a una fiesta. Nunca lleg\u00f3 a su destino. Horas despu\u00e9s fue\u00a0encontrada muerta.<\/p>\n<div class=\"Text-root Text-type_5 ArticleView-text ViewText-root \">\n<p><strong>Mara Castilla<\/strong>, estudiante de Ciencias Pol\u00edticas en Puebla, fue asesinada por un\u00a0conductor de\u00a0Cabify, despu\u00e9s de haber tomado un taxi al salir de un bar en Choclula, Puebla, en septiembre de 2017. Su caso conmocion\u00f3 al pa\u00eds, luego de que su cuerpo fuera hallado una semana despu\u00e9s de su desaparici\u00f3n con signos de violencia.<\/p>\n<h3>M\u00e1s de 9.000 desaparecidas<\/h3>\n<p>En marzo de 2019, la Oficina del Alto Comisionado de Naciones Unidas para los Derechos Humanos en M\u00e9xico, encabezada por Jan Jarab, inform\u00f3\u00a0que existen al menos\u00a0<strong>9.000 mujeres desaparecidas<\/strong>\u00a0en el pa\u00eds.<\/p>\n<p>\u00abA la situaci\u00f3n de violencia feminicida hay que a\u00f1adir aquella violencia sexual de las que son v\u00edctimas ni\u00f1as, adolescentes y mujeres adultas. Adicionalmente, cada vez m\u00e1s se visibilizan las mujeres v\u00edctimas de desaparici\u00f3n\u00bb, se\u00f1al\u00f3 Jarab.<\/p>\n<p>De 2015 a octubre de 2019, se han registrado al menos\u00a0<strong>3.578 feminicidios<\/strong>\u00a0<strong>en el pa\u00eds<\/strong>, con una tendencia a la alza, de acuerdo con\u00a0datos\u00a0del Sistema Nacional de Seguridad P\u00fablica.<\/p>\n<p>RT<\/p>\n<\/div>\n<div class=\"ArticleView-googleNewsBanner\"><\/div>\n","protected":false},"excerpt":{"rendered":"<p>Una joven, reportada como desaparecida, regres\u00f3 a su hogar tras haber alertado sobre la actitud \u00absospechosa\u00bb del chofer del taxi en el que iba. La otra apareci\u00f3 muerta en la cajuela de una unidad de transporte. En menos de 24 horas, dos casos de violencia contra las mujeres han levantado una ola de indignaci\u00f3n en [&hellip;]<\/p>\n","protected":false},"author":1,"featured_media":19286,"comment_status":"open","ping_status":"open","sticky":false,"template":"","format":"standard","meta":{"rop_custom_images_group":[],"rop_custom_messages_group":[],"rop_publish_now":"initial","rop_publish_now_accounts":[],"rop_publish_now_history":[],"rop_publish_now_status":"pending","footnotes":""},"categories":[75,77],"tags":[],"class_list":["post-19285","post","type-post","status-publish","format-standard","has-post-thumbnail","hentry","category-actualidad","category-ni-lectoris"],"_links":{"self":[{"href":"https:\/\/notiissa.mx\/index.php?rest_route=\/wp\/v2\/posts\/19285","targetHints":{"allow":["GET"]}}],"collection":[{"href":"https:\/\/notiissa.mx\/index.php?rest_route=\/wp\/v2\/posts"}],"about":[{"href":"https:\/\/notiissa.mx\/index.php?rest_route=\/wp\/v2\/types\/post"}],"author":[{"embeddable":true,"href":"https:\/\/notiissa.mx\/index.php?rest_route=\/wp\/v2\/users\/1"}],"replies":[{"embeddable":true,"href":"https:\/\/notiissa.mx\/index.php?rest_route=%2Fwp%2Fv2%2Fcomments&post=19285"}],"version-history":[{"count":1,"href":"https:\/\/notiissa.mx\/index.php?rest_route=\/wp\/v2\/posts\/19285\/revisions"}],"predecessor-version":[{"id":19287,"href":"https:\/\/notiissa.mx\/index.php?rest_route=\/wp\/v2\/posts\/19285\/revisions\/19287"}],"wp:featuredmedia":[{"embeddable":true,"href":"https:\/\/notiissa.mx\/index.php?rest_route=\/wp\/v2\/media\/19286"}],"wp:attachment":[{"href":"https:\/\/notiissa.mx\/index.php?rest_route=%2Fwp%2Fv2%2Fmedia&parent=19285"}],"wp:term":[{"taxonomy":"category","embeddable":true,"href":"https:\/\/notiissa.mx\/index.php?rest_route=%2Fwp%2Fv2%2Fcategories&post=19285"},{"taxonomy":"post_tag","embeddable":true,"href":"https:\/\/notiissa.mx\/index.php?rest_route=%2Fwp%2Fv2%2Ftags&post=19285"}],"curies":[{"name":"wp","href":"https:\/\/api.w.org\/{rel}","templated":true}]}}