{"id":19278,"date":"2019-12-04T21:48:31","date_gmt":"2019-12-04T21:48:31","guid":{"rendered":"http:\/\/notiissa.mx\/?p=19278"},"modified":"2019-12-04T21:48:31","modified_gmt":"2019-12-04T21:48:31","slug":"el-regano-de-la-reina-isabel-ii-a-su-hija-por-no-saludar-a-trump-se-volvio-viral","status":"publish","type":"post","link":"https:\/\/notiissa.mx\/?p=19278","title":{"rendered":"El rega\u00f1o de la reina Isabel II a su hija por no saludar a Trump se volvi\u00f3 viral"},"content":{"rendered":"<p>La curiosa situaci\u00f3n se vivi\u00f3 durante la recepci\u00f3n a los l\u00edderes de la OTAN, celebrada en el palacio de Buckigham.<\/p>\n<p>Este martes las c\u00e1maras captaron a la reina Isabel II, del Reino Unido, &#8216;rega\u00f1ando&#8217; a su hija, la princesa Ana, durante la bienvenida al presidente de EE.UU., Donald Trump, y su esposa Melania, en la recepci\u00f3n ofrecida a los l\u00edderes de la OTAN en el palacio de Buckingham.<\/p>\n<p>En las im\u00e1genes se observa a la princesa a unos metros, alejada de donde la monarca junto a otros miembros de la familia real saludaba al matrimonio Trump, cuando de pronto la soberana le hace un adem\u00e1n para que se una. Sin embargo, la hija solo le responde levantando las manos, en una actitud de desinter\u00e9s y ahorr\u00e1ndose el apret\u00f3n de manos.<\/p>\n<p>La divertida escena no pas\u00f3 desapercibida y se ha viralizado en las redes sociales, donde los usuarios parecen disfrutar la actitud de Ana. El clip en Twitter ha alcanzado m\u00e1s de tres millones de reproducciones en pocas horas de publicado.<\/p>\n<p>\u00abLa princesa Ana observa el apret\u00f3n de manos de Trump\u00bb.<\/p>\n<p>\u00abLa reina\u00a0gesticulando a la princesa Ana\u00bb.<\/p>\n<p>RT<\/p>\n<p>&nbsp;<\/p>\n","protected":false},"excerpt":{"rendered":"<p>La curiosa situaci\u00f3n se vivi\u00f3 durante la recepci\u00f3n a los l\u00edderes de la OTAN, celebrada en el palacio de Buckigham. Este martes las c\u00e1maras captaron a la reina Isabel II, del Reino Unido, &#8216;rega\u00f1ando&#8217; a su hija, la princesa Ana, durante la bienvenida al presidente de EE.UU., Donald Trump, y su esposa Melania, en la [&hellip;]<\/p>\n","protected":false},"author":1,"featured_media":19279,"comment_status":"open","ping_status":"open","sticky":false,"template":"","format":"standard","meta":{"rop_custom_images_group":[],"rop_custom_messages_group":[],"rop_publish_now":"initial","rop_publish_now_accounts":[],"rop_publish_now_history":[],"rop_publish_now_status":"pending","footnotes":""},"categories":[75,66],"tags":[],"class_list":["post-19278","post","type-post","status-publish","format-standard","has-post-thumbnail","hentry","category-actualidad","category-estilo-de-vida"],"_links":{"self":[{"href":"https:\/\/notiissa.mx\/index.php?rest_route=\/wp\/v2\/posts\/19278","targetHints":{"allow":["GET"]}}],"collection":[{"href":"https:\/\/notiissa.mx\/index.php?rest_route=\/wp\/v2\/posts"}],"about":[{"href":"https:\/\/notiissa.mx\/index.php?rest_route=\/wp\/v2\/types\/post"}],"author":[{"embeddable":true,"href":"https:\/\/notiissa.mx\/index.php?rest_route=\/wp\/v2\/users\/1"}],"replies":[{"embeddable":true,"href":"https:\/\/notiissa.mx\/index.php?rest_route=%2Fwp%2Fv2%2Fcomments&post=19278"}],"version-history":[{"count":1,"href":"https:\/\/notiissa.mx\/index.php?rest_route=\/wp\/v2\/posts\/19278\/revisions"}],"predecessor-version":[{"id":19280,"href":"https:\/\/notiissa.mx\/index.php?rest_route=\/wp\/v2\/posts\/19278\/revisions\/19280"}],"wp:featuredmedia":[{"embeddable":true,"href":"https:\/\/notiissa.mx\/index.php?rest_route=\/wp\/v2\/media\/19279"}],"wp:attachment":[{"href":"https:\/\/notiissa.mx\/index.php?rest_route=%2Fwp%2Fv2%2Fmedia&parent=19278"}],"wp:term":[{"taxonomy":"category","embeddable":true,"href":"https:\/\/notiissa.mx\/index.php?rest_route=%2Fwp%2Fv2%2Fcategories&post=19278"},{"taxonomy":"post_tag","embeddable":true,"href":"https:\/\/notiissa.mx\/index.php?rest_route=%2Fwp%2Fv2%2Ftags&post=19278"}],"curies":[{"name":"wp","href":"https:\/\/api.w.org\/{rel}","templated":true}]}}