{"id":18965,"date":"2019-11-22T14:23:08","date_gmt":"2019-11-22T14:23:08","guid":{"rendered":"http:\/\/notiissa.mx\/?p=18965"},"modified":"2019-11-22T14:23:08","modified_gmt":"2019-11-22T14:23:08","slug":"el-presupuesto-de-seguridad-tiene-que-tener-un-enfoque-estrategico-bujanda","status":"publish","type":"post","link":"https:\/\/notiissa.mx\/?p=18965","title":{"rendered":"El presupuesto de seguridad tiene que tener un enfoque estrat\u00e9gico: Bujanda"},"content":{"rendered":"<div>La presidenta de la Comisi\u00f3n de Seguridad P\u00fablica y Protecci\u00f3n Civil del Congreso del Estado, Georgina Bujanda reiter\u00f3 la necesidad de conocer las acciones que se realizaron por parte de la Comisi\u00f3n Estatal de Seguridad ante los lamentables hechos contra integrantes de las familias LeBaron y Langford en los l\u00edmites de nuestro estado con Sonora.<\/p>\n<div><\/div>\n<div>\u201cDaremos seguimiento puntual a las investigaciones para conocer a fondo lo sucedido y se castigue a los responsables, este crimen no puede quedar impune,\u201d se\u00f1al\u00f3 \u00a0Bujanda al t\u00e9rmino de la comparecencia del Comisionado Oscar Aparicio Avenda\u00f1o.<\/div>\n<div><\/div>\n<div>La legisladora panista adelant\u00f3 que la pr\u00f3xima semana se llevar\u00e1n a \u00a0cabo 2 reuniones para tratar el tema presupuestal de las instituciones de seguridad, con el objetivo de que \u00e9ste responda a resultados. \u201cEl presupuesto tiene que tener un enfoque estrat\u00e9gico, \u00bfcu\u00e1nto se gasta?, \u00bfc\u00f3mo se gasta?, \u00bfqu\u00e9 operativos se est\u00e1n realizando?\u201d, lo anterior para conocer que se est\u00e1 haciendo y \u00a0coadyuvar desde el Congreso para mejorar las condiciones de seguridad en nuestro estado, puntualiz\u00f3 Bujanda.<\/div>\n<div><\/div>\n<div>Por \u00faltimo, la diputada Georgina Bujanda lament\u00f3 la ausencia de las autoridades federales, a quienes se les invit\u00f3 para que dieran a conocer la estrategia y las acciones que se est\u00e1n llevando a cabo tanto en el caso LeBaron, como en materia de seguridad y combate a la delincuencia en la entidad.<\/div>\n<div><\/div>\n<\/div>\n","protected":false},"excerpt":{"rendered":"<p>La presidenta de la Comisi\u00f3n de Seguridad P\u00fablica y Protecci\u00f3n Civil del Congreso del Estado, Georgina Bujanda reiter\u00f3 la necesidad de conocer las acciones que se realizaron por parte de la Comisi\u00f3n Estatal de Seguridad ante los lamentables hechos contra integrantes de las familias LeBaron y Langford en los l\u00edmites de nuestro estado con Sonora. [&hellip;]<\/p>\n","protected":false},"author":1,"featured_media":18966,"comment_status":"open","ping_status":"open","sticky":false,"template":"","format":"standard","meta":{"rop_custom_images_group":[],"rop_custom_messages_group":[],"rop_publish_now":"initial","rop_publish_now_accounts":[],"rop_publish_now_history":[],"rop_publish_now_status":"pending","footnotes":""},"categories":[72],"tags":[23],"class_list":["post-18965","post","type-post","status-publish","format-standard","has-post-thumbnail","hentry","category-estado","tag-destacado"],"_links":{"self":[{"href":"https:\/\/notiissa.mx\/index.php?rest_route=\/wp\/v2\/posts\/18965","targetHints":{"allow":["GET"]}}],"collection":[{"href":"https:\/\/notiissa.mx\/index.php?rest_route=\/wp\/v2\/posts"}],"about":[{"href":"https:\/\/notiissa.mx\/index.php?rest_route=\/wp\/v2\/types\/post"}],"author":[{"embeddable":true,"href":"https:\/\/notiissa.mx\/index.php?rest_route=\/wp\/v2\/users\/1"}],"replies":[{"embeddable":true,"href":"https:\/\/notiissa.mx\/index.php?rest_route=%2Fwp%2Fv2%2Fcomments&post=18965"}],"version-history":[{"count":1,"href":"https:\/\/notiissa.mx\/index.php?rest_route=\/wp\/v2\/posts\/18965\/revisions"}],"predecessor-version":[{"id":18967,"href":"https:\/\/notiissa.mx\/index.php?rest_route=\/wp\/v2\/posts\/18965\/revisions\/18967"}],"wp:featuredmedia":[{"embeddable":true,"href":"https:\/\/notiissa.mx\/index.php?rest_route=\/wp\/v2\/media\/18966"}],"wp:attachment":[{"href":"https:\/\/notiissa.mx\/index.php?rest_route=%2Fwp%2Fv2%2Fmedia&parent=18965"}],"wp:term":[{"taxonomy":"category","embeddable":true,"href":"https:\/\/notiissa.mx\/index.php?rest_route=%2Fwp%2Fv2%2Fcategories&post=18965"},{"taxonomy":"post_tag","embeddable":true,"href":"https:\/\/notiissa.mx\/index.php?rest_route=%2Fwp%2Fv2%2Ftags&post=18965"}],"curies":[{"name":"wp","href":"https:\/\/api.w.org\/{rel}","templated":true}]}}