{"id":18737,"date":"2019-11-13T21:24:46","date_gmt":"2019-11-13T21:24:46","guid":{"rendered":"http:\/\/notiissa.mx\/?p=18737"},"modified":"2019-11-13T21:24:46","modified_gmt":"2019-11-13T21:24:46","slug":"atienden-a-13-personas-en-refugios-temporales-por-frio","status":"publish","type":"post","link":"https:\/\/notiissa.mx\/?p=18737","title":{"rendered":"Atienden a 13 personas en refugios temporales por fr\u00edo"},"content":{"rendered":"<div>\n<p>Derivado de las bajas temperaturas que se han presentado recientemente en la ciudad, El Municipio abri\u00f3 2 refugios temporales, uno al norte y otro al sur, para personas en situaci\u00f3n vulnerable donde recibi\u00f3 durante la noche de ayer y madrugada de hoy a un total de 13 personas, y mantendr\u00e1n sus puertas abiertas las 24 horas este mi\u00e9rcoles y el jueves 14 de noviembre.<\/p>\n<p>El director de Seguridad P\u00fablica, Gilberto Loya Ch\u00e1vez, gir\u00f3 la instrucci\u00f3n a todos los polic\u00edas de la corporaci\u00f3n de mantenerse alertas para detectar durante los patrullajes ordinarios a personas que se encuentren pernoctando en la v\u00eda p\u00fablica con la intenci\u00f3n de que los trasladen a un lugar seguro para evitar que permanezcan en una situaci\u00f3n de riesgo.<\/p>\n<p>Asimismo se exhorta a la poblaci\u00f3n en general a permanecer atentos en caso de observar a personas que est\u00e9n en una situaci\u00f3n vulnerable hagan el reporte a trav\u00e9s del 9-1-1 para que polic\u00edas municipales acudan a ayudarlos para su transporte.<\/p>\n<p>Cabe recordar que la ubicaci\u00f3n de los refugios abiertos actualmente son:<\/p>\n<ul>\n<li>Centro Comunitario Tricentenario, calle Andazola y lateral Dostoyevsky #14701, colonia Chihuahua 2094<\/li>\n<li>Centro Comunitario M\u00e1rmol III, calle Eusebio Castillo #8400, colonia M\u00e1rmol III.<\/li>\n<\/ul>\n<p>De igual manera informar que para este mi\u00e9rcoles se esperan lluvias d\u00e9biles durante la ma\u00f1ana y un cielo parcialmente nublado durante el resto del d\u00eda, con temperaturas que oscilar\u00e1n entre los 16 y 5 grados cent\u00edgrados y rachas de viento de hasta 28 kil\u00f3metros por hora.<\/p>\n<\/div>\n","protected":false},"excerpt":{"rendered":"<p>Derivado de las bajas temperaturas que se han presentado recientemente en la ciudad, El Municipio abri\u00f3 2 refugios temporales, uno al norte y otro al sur, para personas en situaci\u00f3n vulnerable donde recibi\u00f3 durante la noche de ayer y madrugada de hoy a un total de 13 personas, y mantendr\u00e1n sus puertas abiertas las 24 [&hellip;]<\/p>\n","protected":false},"author":1,"featured_media":18738,"comment_status":"open","ping_status":"open","sticky":false,"template":"","format":"standard","meta":{"rop_custom_images_group":[],"rop_custom_messages_group":[],"rop_publish_now":"initial","rop_publish_now_accounts":[],"rop_publish_now_history":[],"rop_publish_now_status":"pending","footnotes":""},"categories":[67],"tags":[],"class_list":["post-18737","post","type-post","status-publish","format-standard","has-post-thumbnail","hentry","category-ciudad"],"_links":{"self":[{"href":"https:\/\/notiissa.mx\/index.php?rest_route=\/wp\/v2\/posts\/18737","targetHints":{"allow":["GET"]}}],"collection":[{"href":"https:\/\/notiissa.mx\/index.php?rest_route=\/wp\/v2\/posts"}],"about":[{"href":"https:\/\/notiissa.mx\/index.php?rest_route=\/wp\/v2\/types\/post"}],"author":[{"embeddable":true,"href":"https:\/\/notiissa.mx\/index.php?rest_route=\/wp\/v2\/users\/1"}],"replies":[{"embeddable":true,"href":"https:\/\/notiissa.mx\/index.php?rest_route=%2Fwp%2Fv2%2Fcomments&post=18737"}],"version-history":[{"count":1,"href":"https:\/\/notiissa.mx\/index.php?rest_route=\/wp\/v2\/posts\/18737\/revisions"}],"predecessor-version":[{"id":18739,"href":"https:\/\/notiissa.mx\/index.php?rest_route=\/wp\/v2\/posts\/18737\/revisions\/18739"}],"wp:featuredmedia":[{"embeddable":true,"href":"https:\/\/notiissa.mx\/index.php?rest_route=\/wp\/v2\/media\/18738"}],"wp:attachment":[{"href":"https:\/\/notiissa.mx\/index.php?rest_route=%2Fwp%2Fv2%2Fmedia&parent=18737"}],"wp:term":[{"taxonomy":"category","embeddable":true,"href":"https:\/\/notiissa.mx\/index.php?rest_route=%2Fwp%2Fv2%2Fcategories&post=18737"},{"taxonomy":"post_tag","embeddable":true,"href":"https:\/\/notiissa.mx\/index.php?rest_route=%2Fwp%2Fv2%2Ftags&post=18737"}],"curies":[{"name":"wp","href":"https:\/\/api.w.org\/{rel}","templated":true}]}}