{"id":18716,"date":"2019-11-13T20:48:39","date_gmt":"2019-11-13T20:48:39","guid":{"rendered":"http:\/\/notiissa.mx\/?p=18716"},"modified":"2019-11-13T20:48:39","modified_gmt":"2019-11-13T20:48:39","slug":"nombran-a-titulares-de-magistraturas-del-tsj","status":"publish","type":"post","link":"https:\/\/notiissa.mx\/?p=18716","title":{"rendered":"Nombran a titulares de magistraturas del TSJ"},"content":{"rendered":"<p>Elige Congreso a quienes habr\u00e1n de encabezar de manera provisional la magistratura de la Primera Sala Familiar en Chihuahua y de la Sala Civil Regional de Hidalgo del Parral, ambas del Tribunal Superior de Justicia.<\/p>\n<p>Una vez constituidos en Colegio Electoral, las y los diputados del Poder Legislativo, sometieron a votaci\u00f3n las ternas remitidas por el Secretario Adscrito a la Presidencia del Tribunal Superior de Justicia del Estado, mismas que fueron presentadas al Pleno para su votaci\u00f3n, por el diputado Miguel La Torre S\u00e1enz, en su calidad de presidente de la Comisi\u00f3n Primera de Gobernaci\u00f3n.<\/p>\n<p>Realizada la votaci\u00f3n, las y los diputados eligieron a la licenciada Mar\u00eda Cristina Orozco Romo para ocupar de manera provisional la magistratura de la Primera Sala Familiar, y al licenciado Edgar Aurelio Quintana Camacho, para ocupar la Sala Civil Regional Hidalgo.<\/p>\n<p>La Torre S\u00e1enz al exponer los dict\u00e1menes, inform\u00f3 que la elecci\u00f3n de la magistratura de la Sala Civil Regional Hidalgo, se debi\u00f3 al cese por jubilaci\u00f3n, de la licenciada Otilia Flores Anguiano, y en lo relativo a la Primera Sala Familiar, se debe a que el licenciado Gabriel Armando Ruiz G\u00e1mez, se debe a que\u00a0 el magistrado fue designado miembro del Consejo de la Judicatura del Poder Judicial del Estado.<\/p>\n<p>Cabe mencionar que las ternas enviadas, estuvieron conformadas de la siguiente manera:<br \/>\n<u><i>Primera Sala Familiar<\/i><\/u><br \/>\n-Mar\u00eda Cristina Orozco Romo (29 votos)<br \/>\n-Efra\u00edn Villegas Manqueros<br \/>\n-A\u00edda M\u00e9ndez Flores<br \/>\n<u><i>Sala Civil Regional Hidalgo<\/i><\/u><br \/>\n-Edgar Aurelio Quintana Camacho (31 votos)<br \/>\n-Mar\u00eda Rebeca Pizarro Michel<br \/>\n-Alma Delia M\u00e1rquez Amaya<br \/>\nEl Legislador La Torre, agreg\u00f3 que este proceso se realiz\u00f3 de acuerdo a lo estipulado en la Ley Org\u00e1nica del Poder Judicial, en donde se establece que, las ausencias de las o los magistrados, ya sean absolutas o temporales que excedan de veinte d\u00edas naturales, as\u00ed como la derivada de la adscripci\u00f3n a alg\u00fan \u00f3rgano del Tribunal, ser\u00e1 cubierta por la o el magistrado electo por el Congreso del Estado, de una terna designada por el Consejo, integrada por miembros del Poder Judicial de reconocido prestigio.<\/p>\n<p>Es importante destacar que una vez realizado el proceso, las personas electas rindieron protesta de Ley ante el Pleno, comprometi\u00e9ndose a guardar y hacer guardar la Constituci\u00f3n Pol\u00edtica de los Estados Unidos Mexicanos y las leyes que de ella emanen, y desempe\u00f1ar leal y patri\u00f3ticamente el puesto que les fue conferido.<\/p>\n","protected":false},"excerpt":{"rendered":"<p>Elige Congreso a quienes habr\u00e1n de encabezar de manera provisional la magistratura de la Primera Sala Familiar en Chihuahua y de la Sala Civil Regional de Hidalgo del Parral, ambas del Tribunal Superior de Justicia. Una vez constituidos en Colegio Electoral, las y los diputados del Poder Legislativo, sometieron a votaci\u00f3n las ternas remitidas por [&hellip;]<\/p>\n","protected":false},"author":1,"featured_media":18717,"comment_status":"open","ping_status":"open","sticky":false,"template":"","format":"standard","meta":{"rop_custom_images_group":[],"rop_custom_messages_group":[],"rop_publish_now":"initial","rop_publish_now_accounts":[],"rop_publish_now_history":[],"rop_publish_now_status":"pending","footnotes":""},"categories":[72],"tags":[],"class_list":["post-18716","post","type-post","status-publish","format-standard","has-post-thumbnail","hentry","category-estado"],"_links":{"self":[{"href":"https:\/\/notiissa.mx\/index.php?rest_route=\/wp\/v2\/posts\/18716","targetHints":{"allow":["GET"]}}],"collection":[{"href":"https:\/\/notiissa.mx\/index.php?rest_route=\/wp\/v2\/posts"}],"about":[{"href":"https:\/\/notiissa.mx\/index.php?rest_route=\/wp\/v2\/types\/post"}],"author":[{"embeddable":true,"href":"https:\/\/notiissa.mx\/index.php?rest_route=\/wp\/v2\/users\/1"}],"replies":[{"embeddable":true,"href":"https:\/\/notiissa.mx\/index.php?rest_route=%2Fwp%2Fv2%2Fcomments&post=18716"}],"version-history":[{"count":1,"href":"https:\/\/notiissa.mx\/index.php?rest_route=\/wp\/v2\/posts\/18716\/revisions"}],"predecessor-version":[{"id":18718,"href":"https:\/\/notiissa.mx\/index.php?rest_route=\/wp\/v2\/posts\/18716\/revisions\/18718"}],"wp:featuredmedia":[{"embeddable":true,"href":"https:\/\/notiissa.mx\/index.php?rest_route=\/wp\/v2\/media\/18717"}],"wp:attachment":[{"href":"https:\/\/notiissa.mx\/index.php?rest_route=%2Fwp%2Fv2%2Fmedia&parent=18716"}],"wp:term":[{"taxonomy":"category","embeddable":true,"href":"https:\/\/notiissa.mx\/index.php?rest_route=%2Fwp%2Fv2%2Fcategories&post=18716"},{"taxonomy":"post_tag","embeddable":true,"href":"https:\/\/notiissa.mx\/index.php?rest_route=%2Fwp%2Fv2%2Ftags&post=18716"}],"curies":[{"name":"wp","href":"https:\/\/api.w.org\/{rel}","templated":true}]}}