{"id":18704,"date":"2019-11-13T20:27:22","date_gmt":"2019-11-13T20:27:22","guid":{"rendered":"http:\/\/notiissa.mx\/?p=18704"},"modified":"2019-11-13T20:27:22","modified_gmt":"2019-11-13T20:27:22","slug":"mantener-el-horario-de-verano-decision-de-los-chihuahuenses-la","status":"publish","type":"post","link":"https:\/\/notiissa.mx\/?p=18704","title":{"rendered":"Mantener el horario de verano, decisi\u00f3n de los chihuahuenses: LA"},"content":{"rendered":"<div>\n<div>Hace un par de d\u00edas, las Legisladoras y Legisladores del Congreso del Estado, lanzaron una encuesta dirigida a la ciudadan\u00eda, para conocer su opini\u00f3n acerca de los Cambios de Horario que se aplican en el Estado.<\/div>\n<div><\/div>\n<div>Despu\u00e9s de recabar y analizar la informaci\u00f3n de dicha encuesta digital, as\u00ed como del an\u00e1lisis t\u00e9cnico que varias universidades, empresas y negocios realizaron, y contrastando esta informaci\u00f3n con las mesas t\u00e9cnicas de trabajo en el Congreso, las Diputadas y Diputados de esta LXVI Legislatura aprobaron el dictamen en el que el Congreso solicita al Congreso de la Uni\u00f3n que nuestro Estado mantenga el Horario de Verano, como \u00fanico huso horario.<\/div>\n<div><\/div>\n<div>\u201cQuiero agradecer a todas las personas que participaron en la encuesta digital que compartimos, para conocer cada una de las opiniones de los chihuahuenses, porque nos da un panorama mucho m\u00e1s claro de los beneficios de cada uno de los cambios de horario\u00bb.<\/div>\n<div><\/div>\n<div>Despu\u00e9s de analizar minuciosamente estas respuestas en las mesas de trabajo que se realizaron, vemos varios puntos importantes:<\/div>\n<div><\/div>\n<div>&#8211; Las tareas del d\u00eda a d\u00eda, se vuelven m\u00e1s sencillas de realizar con la luz natural.<\/div>\n<div><\/div>\n<div>\u00a0Adem\u00e1s, el hecho de tener luz diurna un mayor n\u00famero de horas, abona a la seguridad en nuestras calles, en especial a nuestras ni\u00f1as, ni\u00f1os y j\u00f3venes, quienes estudian en turnos vespertinos y que, durante el horario de invierno, terminan sus actividades escolares pr\u00e1cticamente de noche.<\/div>\n<div><\/div>\n<div>&#8211; Nuestro Estado, tristemente, ocupa los primeros lugares a nivel nacional en enfermedades mentales y suicidio. Autoridades y trabajadores del Sector Salud han implementado varios programas de atenci\u00f3n y prevenci\u00f3n de Salud Mental, y han hecho hincapi\u00e9 en que el cambio de estaci\u00f3n, es un factor que puede afectar, cuando sufrimos de depresi\u00f3n o estr\u00e9s laboral. Tener m\u00e1s tiempo de luz natural, ayuda a que nuestro reloj biol\u00f3gico no se altere, ni sea factor para este problema de salud p\u00fablica.<\/div>\n<div><\/div>\n<div>&#8211; Durante el horario de verano, el consumo de energ\u00eda el\u00e9ctrica ronda entre las 20:00 y 22:00 hrs., mientras que en el horario de invierno, comprende un periodo que abarca de las 18:00 a las 22:00 hrs. Esto se traduce en dos horas m\u00e1s de uso de energ\u00eda el\u00e9ctrica, afectando directamente a la econom\u00eda de las familias chihuahuenses y tambi\u00e9n, a los empresarios, restauranteros o due\u00f1os de negocio, que necesitan tener iluminaci\u00f3n desde m\u00e1s temprano.<\/div>\n<div><\/div>\n<div>De igual manera, en las opiniones emitidas, se mencion\u00f3 los beneficios del horario de invierno, siendo el m\u00e1s mencionado, el tener luz natural desde tempranas horas por la ma\u00f1ana, hecho que beneficia a los trabajadores que inician sus labores alrededor de las 6:00 hrs., muchos de ellos, trabajadores de las empresas maquiladoras.<\/div>\n<div><\/div>\n<div>Sin embargo, al poner en una balanza los beneficios de uno y otro, as\u00ed como sus desventajas, nos damos cuenta que mantener el horario de verano significar\u00eda un mayor beneficio para la industria, el comercio y la econom\u00eda familiar chihuahuense, adem\u00e1s que nos ayudar\u00eda en temas como el ahorro de energ\u00eda que se traduce en un impacto menor al medio ambiente, el aprovechamiento escolar de las y los estudiantes del Estado, as\u00ed como abonar en el tema de seguridad, al cual debemos de abordar desde varios angulos, pero sin duda alguna, el contar con m\u00e1s horas de luz natural, nos ayuda.<\/div>\n<div><\/div>\n<div>Por todo esto, hemos aprobado el dictamen en el que, desde el Congreso del Estado de Chihuahua, se le solicita al Congreso de la Uni\u00f3n que nuestro Estado se quede con el Horario de Verano, dados todos los beneficios mencionados, producto del an\u00e1lisis previo de las opiniones e informaci\u00f3n recabada, y que es una decisi\u00f3n que toma en cuenta la voz de las y los chihuahuenses, mencion\u00f3 el Diputado Luis Aguilar.<\/div>\n<div><\/div>\n<div>Adem\u00e1s de Chihuahua, Baja California Sur, Chiapas, Durango, Jalisco y Sinaloa ya han elaborado y presentado propuestas como \u00e9sta, buscando que no se realicen cambios de horario, desde el pr\u00f3ximo a\u00f1o.<\/div>\n<\/div>\n","protected":false},"excerpt":{"rendered":"<p>Hace un par de d\u00edas, las Legisladoras y Legisladores del Congreso del Estado, lanzaron una encuesta dirigida a la ciudadan\u00eda, para conocer su opini\u00f3n acerca de los Cambios de Horario que se aplican en el Estado. Despu\u00e9s de recabar y analizar la informaci\u00f3n de dicha encuesta digital, as\u00ed como del an\u00e1lisis t\u00e9cnico que varias universidades, [&hellip;]<\/p>\n","protected":false},"author":1,"featured_media":18705,"comment_status":"open","ping_status":"open","sticky":false,"template":"","format":"standard","meta":{"rop_custom_images_group":[],"rop_custom_messages_group":[],"rop_publish_now":"initial","rop_publish_now_accounts":[],"rop_publish_now_history":[],"rop_publish_now_status":"pending","footnotes":""},"categories":[72],"tags":[23],"class_list":["post-18704","post","type-post","status-publish","format-standard","has-post-thumbnail","hentry","category-estado","tag-destacado"],"_links":{"self":[{"href":"https:\/\/notiissa.mx\/index.php?rest_route=\/wp\/v2\/posts\/18704","targetHints":{"allow":["GET"]}}],"collection":[{"href":"https:\/\/notiissa.mx\/index.php?rest_route=\/wp\/v2\/posts"}],"about":[{"href":"https:\/\/notiissa.mx\/index.php?rest_route=\/wp\/v2\/types\/post"}],"author":[{"embeddable":true,"href":"https:\/\/notiissa.mx\/index.php?rest_route=\/wp\/v2\/users\/1"}],"replies":[{"embeddable":true,"href":"https:\/\/notiissa.mx\/index.php?rest_route=%2Fwp%2Fv2%2Fcomments&post=18704"}],"version-history":[{"count":1,"href":"https:\/\/notiissa.mx\/index.php?rest_route=\/wp\/v2\/posts\/18704\/revisions"}],"predecessor-version":[{"id":18706,"href":"https:\/\/notiissa.mx\/index.php?rest_route=\/wp\/v2\/posts\/18704\/revisions\/18706"}],"wp:featuredmedia":[{"embeddable":true,"href":"https:\/\/notiissa.mx\/index.php?rest_route=\/wp\/v2\/media\/18705"}],"wp:attachment":[{"href":"https:\/\/notiissa.mx\/index.php?rest_route=%2Fwp%2Fv2%2Fmedia&parent=18704"}],"wp:term":[{"taxonomy":"category","embeddable":true,"href":"https:\/\/notiissa.mx\/index.php?rest_route=%2Fwp%2Fv2%2Fcategories&post=18704"},{"taxonomy":"post_tag","embeddable":true,"href":"https:\/\/notiissa.mx\/index.php?rest_route=%2Fwp%2Fv2%2Ftags&post=18704"}],"curies":[{"name":"wp","href":"https:\/\/api.w.org\/{rel}","templated":true}]}}