{"id":18692,"date":"2019-11-13T00:48:50","date_gmt":"2019-11-13T00:48:50","guid":{"rendered":"http:\/\/notiissa.mx\/?p=18692"},"modified":"2019-11-13T00:50:16","modified_gmt":"2019-11-13T00:50:16","slug":"habilitan-refugios-temporales-por-descenso-en-temperatura","status":"publish","type":"post","link":"https:\/\/notiissa.mx\/?p=18692","title":{"rendered":"Habilitan refugios temporales por clima invernal"},"content":{"rendered":"<div>\n<p>Chihuahua.-Debido a la situaci\u00f3n at\u00edpica de las bajas temperaturas ocasionadas por la entrada de un frente fr\u00edo, el Municipio pone a disposici\u00f3n\u00a0 de quien lo necesite dos refugios temporales en la zona norte y sur de la ciudad para recibir a la poblaci\u00f3n vulnerable y brindar una atenci\u00f3n de calidad, as\u00ed como un lugar digno para dormir y donde puedan resguardase de las bajas temperaturas y permanecer\u00e1n abiertos hasta nuevo aviso de parte de las autoridades.Los refugios temporales tienen un horario de 7 de la tarde a 7 de la ma\u00f1ana, se encuentran acondicionados con colchonetas, cobijas y calentones, sin embargo en el caso de familias podr\u00e1n permanecer en las instalaciones durante todo el d\u00eda, a partir de este martes los refugios se encuentran recibiendo personas desde las 8 de la ma\u00f1ana.<\/p>\n<p>En la\u00a0 zona norte, se encuentra en el centro comunitario Tricentenario, en la lateral de la avenida Fedor Dostoyevzki y\u00a0 calle Andazola, y en la zona sur en el centro comunitario M\u00e1rmol III, en la avenida Eusebio Castillo n\u00famero 8400.<\/p>\n<p>Por lo que se exhorta a la ciudadan\u00eda a que en caso de conocer de una persona en situaci\u00f3n de calle que necesite de estos refugios avisar a los n\u00fameros de emergencia para que personal de Protecci\u00f3n Civil o Seguridad P\u00fablica los trasladen a un refugio temporal.<\/p>\n<p>Es muy importante estar pendiente de los avisos que se emitan por parte de la Coordinaci\u00f3n Municipal de Protecci\u00f3n Civil, adem\u00e1s ante cualquier situaci\u00f3n de emergencia comun\u00edquese de inmediato al 9-1-1 para una atenci\u00f3n oportuna.<\/p>\n<\/div>\n","protected":false},"excerpt":{"rendered":"<p>Chihuahua.-Debido a la situaci\u00f3n at\u00edpica de las bajas temperaturas ocasionadas por la entrada de un frente fr\u00edo, el Municipio pone a disposici\u00f3n\u00a0 de quien lo necesite dos refugios temporales en la zona norte y sur de la ciudad para recibir a la poblaci\u00f3n vulnerable y brindar una atenci\u00f3n de calidad, as\u00ed como un lugar digno [&hellip;]<\/p>\n","protected":false},"author":1,"featured_media":18693,"comment_status":"open","ping_status":"open","sticky":false,"template":"","format":"standard","meta":{"rop_custom_images_group":[],"rop_custom_messages_group":[],"rop_publish_now":"initial","rop_publish_now_accounts":[],"rop_publish_now_history":[],"rop_publish_now_status":"pending","footnotes":""},"categories":[67],"tags":[],"class_list":["post-18692","post","type-post","status-publish","format-standard","has-post-thumbnail","hentry","category-ciudad"],"_links":{"self":[{"href":"https:\/\/notiissa.mx\/index.php?rest_route=\/wp\/v2\/posts\/18692","targetHints":{"allow":["GET"]}}],"collection":[{"href":"https:\/\/notiissa.mx\/index.php?rest_route=\/wp\/v2\/posts"}],"about":[{"href":"https:\/\/notiissa.mx\/index.php?rest_route=\/wp\/v2\/types\/post"}],"author":[{"embeddable":true,"href":"https:\/\/notiissa.mx\/index.php?rest_route=\/wp\/v2\/users\/1"}],"replies":[{"embeddable":true,"href":"https:\/\/notiissa.mx\/index.php?rest_route=%2Fwp%2Fv2%2Fcomments&post=18692"}],"version-history":[{"count":2,"href":"https:\/\/notiissa.mx\/index.php?rest_route=\/wp\/v2\/posts\/18692\/revisions"}],"predecessor-version":[{"id":18695,"href":"https:\/\/notiissa.mx\/index.php?rest_route=\/wp\/v2\/posts\/18692\/revisions\/18695"}],"wp:featuredmedia":[{"embeddable":true,"href":"https:\/\/notiissa.mx\/index.php?rest_route=\/wp\/v2\/media\/18693"}],"wp:attachment":[{"href":"https:\/\/notiissa.mx\/index.php?rest_route=%2Fwp%2Fv2%2Fmedia&parent=18692"}],"wp:term":[{"taxonomy":"category","embeddable":true,"href":"https:\/\/notiissa.mx\/index.php?rest_route=%2Fwp%2Fv2%2Fcategories&post=18692"},{"taxonomy":"post_tag","embeddable":true,"href":"https:\/\/notiissa.mx\/index.php?rest_route=%2Fwp%2Fv2%2Ftags&post=18692"}],"curies":[{"name":"wp","href":"https:\/\/api.w.org\/{rel}","templated":true}]}}