{"id":18689,"date":"2019-11-13T00:39:32","date_gmt":"2019-11-13T00:39:32","guid":{"rendered":"http:\/\/notiissa.mx\/?p=18689"},"modified":"2019-11-13T00:39:32","modified_gmt":"2019-11-13T00:39:32","slug":"mejora-iluminacion-en-paso-a-desnivel-de-cantera-y-san-felipe","status":"publish","type":"post","link":"https:\/\/notiissa.mx\/?p=18689","title":{"rendered":"Mejora iluminaci\u00f3n en paso a desnivel de Cantera y San Felipe"},"content":{"rendered":"<div>Chihuahua.-La Direcci\u00f3n de Mantenimiento Urbano Municipal, llev\u00f3 a cabo acciones de reparaci\u00f3n del sistema de alumbrado p\u00fablico en el paso a desnivel ubicado en la avenida Cantera, en su cruce con calle San Felipe.Personal de la Subdirecci\u00f3n de Alumbrado P\u00fablico realiz\u00f3 mantenimiento general al sistema de iluminaci\u00f3n, as\u00ed como la sustituci\u00f3n de m\u00e1s de 160 focos de 250 watts y alrededor de once balastras.<\/p>\n<p>Para ello, fue necesario la interrupci\u00f3n total del tr\u00e1fico los domingos 3 y 10 de noviembre en un horario de 7 de la ma\u00f1ana a dos de la tarde, adem\u00e1s de trabajo nocturno durante el lunes 4 de octubre.<\/p>\n<p>Durante las labores de mantenimiento al alumbrado, fueron empleadas dos cuadrillas de trabajadores, armadas cada una de ellas con una gr\u00faa.<\/p>\n<p>En el operativo, se cont\u00f3 con el apoyo puntual de la Direcci\u00f3n de Vialidad para contener el tr\u00e1fico y direccionar a los conductores a v\u00edas alternas, o a usar las laterales de la concurrida avenida.<\/p>\n<p>Aunado a los trabajos de reparaci\u00f3n de alumbrado, personal de la Subdirecci\u00f3n de Espacios P\u00fablicos brind\u00f3 limpieza a los se\u00f1alamientos centrales del paso a desnivel, de los cuales se retir\u00f3 suciedad con agua a presi\u00f3n para que sean m\u00e1s visibles.<\/p>\n<\/div>\n","protected":false},"excerpt":{"rendered":"<p>Chihuahua.-La Direcci\u00f3n de Mantenimiento Urbano Municipal, llev\u00f3 a cabo acciones de reparaci\u00f3n del sistema de alumbrado p\u00fablico en el paso a desnivel ubicado en la avenida Cantera, en su cruce con calle San Felipe.Personal de la Subdirecci\u00f3n de Alumbrado P\u00fablico realiz\u00f3 mantenimiento general al sistema de iluminaci\u00f3n, as\u00ed como la sustituci\u00f3n de m\u00e1s de 160 [&hellip;]<\/p>\n","protected":false},"author":1,"featured_media":18690,"comment_status":"open","ping_status":"open","sticky":false,"template":"","format":"standard","meta":{"rop_custom_images_group":[],"rop_custom_messages_group":[],"rop_publish_now":"initial","rop_publish_now_accounts":[],"rop_publish_now_history":[],"rop_publish_now_status":"pending","footnotes":""},"categories":[67],"tags":[],"class_list":["post-18689","post","type-post","status-publish","format-standard","has-post-thumbnail","hentry","category-ciudad"],"_links":{"self":[{"href":"https:\/\/notiissa.mx\/index.php?rest_route=\/wp\/v2\/posts\/18689","targetHints":{"allow":["GET"]}}],"collection":[{"href":"https:\/\/notiissa.mx\/index.php?rest_route=\/wp\/v2\/posts"}],"about":[{"href":"https:\/\/notiissa.mx\/index.php?rest_route=\/wp\/v2\/types\/post"}],"author":[{"embeddable":true,"href":"https:\/\/notiissa.mx\/index.php?rest_route=\/wp\/v2\/users\/1"}],"replies":[{"embeddable":true,"href":"https:\/\/notiissa.mx\/index.php?rest_route=%2Fwp%2Fv2%2Fcomments&post=18689"}],"version-history":[{"count":1,"href":"https:\/\/notiissa.mx\/index.php?rest_route=\/wp\/v2\/posts\/18689\/revisions"}],"predecessor-version":[{"id":18691,"href":"https:\/\/notiissa.mx\/index.php?rest_route=\/wp\/v2\/posts\/18689\/revisions\/18691"}],"wp:featuredmedia":[{"embeddable":true,"href":"https:\/\/notiissa.mx\/index.php?rest_route=\/wp\/v2\/media\/18690"}],"wp:attachment":[{"href":"https:\/\/notiissa.mx\/index.php?rest_route=%2Fwp%2Fv2%2Fmedia&parent=18689"}],"wp:term":[{"taxonomy":"category","embeddable":true,"href":"https:\/\/notiissa.mx\/index.php?rest_route=%2Fwp%2Fv2%2Fcategories&post=18689"},{"taxonomy":"post_tag","embeddable":true,"href":"https:\/\/notiissa.mx\/index.php?rest_route=%2Fwp%2Fv2%2Ftags&post=18689"}],"curies":[{"name":"wp","href":"https:\/\/api.w.org\/{rel}","templated":true}]}}