{"id":18686,"date":"2019-11-13T00:35:16","date_gmt":"2019-11-13T00:35:16","guid":{"rendered":"http:\/\/notiissa.mx\/?p=18686"},"modified":"2019-11-13T00:35:16","modified_gmt":"2019-11-13T00:35:16","slug":"invitan-a-la-exhibicion-world-press-photo","status":"publish","type":"post","link":"https:\/\/notiissa.mx\/?p=18686","title":{"rendered":"Invitan a la exhibici\u00f3n World Press Photo"},"content":{"rendered":"<div>\n<p><em>-La exhibici\u00f3n ser\u00e1 de lunes a domingo y no tendr\u00e1 costo para los visitantes. <\/em><\/p>\n<p>El\u00a0 Instituto de Cultura de Municipio de Chihuahua, te invita a partir de este 14 de noviembre a la exhibici\u00f3n \u201cWorld Press Photo\u201d, que por primera vez se llevar\u00e1 a cabo en el norte del pa\u00eds, abriendo sus puertas en el Museo Sebasti\u00e1n, en el marco del Festival Internacional de Chihuahua (FICUU) y estar\u00e1 en la ciudad solo por tres semanas.<\/p>\n<p>La mayor exposici\u00f3n de fotoperiodismo a nivel mundial ser\u00e1 presentada durante tres semanas consecutivas en un horario de lunes a s\u00e1bado de 9:00 a 19:00 horas y los domingos de 11:00 a 16:00 horas y la entrada ser\u00e1 gratuita.<\/p>\n<p>A trav\u00e9s de una rueda de prensa la titular del ICM, Alejandra Enr\u00edquez acompa\u00f1ada de Babette Warendorf, \u00a0Comisario y Gerente de Exhibiciones de WPPH, dio a conocer que se trata de una exposici\u00f3n itinerante que circula por 40 pa\u00edses y es el producto de una convocatoria anual que se realiza de manera rigurosa.<\/p>\n<p>La exhibici\u00f3n consta de \u00a0140 fotograf\u00edas las cuales no solo llegar\u00e1n al coraz\u00f3n de los visitantes sino que llamar\u00e1n a la reflexi\u00f3n y a sacudir la conciencia.<\/p>\n<p>Por su parte, Babette Warendorf, se\u00f1al\u00f3 estar muy entusiasmada de traer por primera vez al norte de M\u00e9xico esta importante exhibici\u00f3n, la cual tiene como misi\u00f3n conectar al mundo con las historias que importan.<\/p>\n<p>Cabe resaltar que el FICUU 2019 estar\u00e1 clausurando con la exhibici\u00f3n WWPH, presentando en la ciudad las mejores fotograf\u00edas enviadas por fotoperiodistas, agencias, peri\u00f3dicos, revistas y fot\u00f3grafos de todo el mundo.<\/p>\n<\/div>\n","protected":false},"excerpt":{"rendered":"<p>-La exhibici\u00f3n ser\u00e1 de lunes a domingo y no tendr\u00e1 costo para los visitantes. El\u00a0 Instituto de Cultura de Municipio de Chihuahua, te invita a partir de este 14 de noviembre a la exhibici\u00f3n \u201cWorld Press Photo\u201d, que por primera vez se llevar\u00e1 a cabo en el norte del pa\u00eds, abriendo sus puertas en el [&hellip;]<\/p>\n","protected":false},"author":1,"featured_media":18687,"comment_status":"open","ping_status":"open","sticky":false,"template":"","format":"standard","meta":{"rop_custom_images_group":[],"rop_custom_messages_group":[],"rop_publish_now":"initial","rop_publish_now_accounts":[],"rop_publish_now_history":[],"rop_publish_now_status":"pending","footnotes":""},"categories":[67],"tags":[],"class_list":["post-18686","post","type-post","status-publish","format-standard","has-post-thumbnail","hentry","category-ciudad"],"_links":{"self":[{"href":"https:\/\/notiissa.mx\/index.php?rest_route=\/wp\/v2\/posts\/18686","targetHints":{"allow":["GET"]}}],"collection":[{"href":"https:\/\/notiissa.mx\/index.php?rest_route=\/wp\/v2\/posts"}],"about":[{"href":"https:\/\/notiissa.mx\/index.php?rest_route=\/wp\/v2\/types\/post"}],"author":[{"embeddable":true,"href":"https:\/\/notiissa.mx\/index.php?rest_route=\/wp\/v2\/users\/1"}],"replies":[{"embeddable":true,"href":"https:\/\/notiissa.mx\/index.php?rest_route=%2Fwp%2Fv2%2Fcomments&post=18686"}],"version-history":[{"count":1,"href":"https:\/\/notiissa.mx\/index.php?rest_route=\/wp\/v2\/posts\/18686\/revisions"}],"predecessor-version":[{"id":18688,"href":"https:\/\/notiissa.mx\/index.php?rest_route=\/wp\/v2\/posts\/18686\/revisions\/18688"}],"wp:featuredmedia":[{"embeddable":true,"href":"https:\/\/notiissa.mx\/index.php?rest_route=\/wp\/v2\/media\/18687"}],"wp:attachment":[{"href":"https:\/\/notiissa.mx\/index.php?rest_route=%2Fwp%2Fv2%2Fmedia&parent=18686"}],"wp:term":[{"taxonomy":"category","embeddable":true,"href":"https:\/\/notiissa.mx\/index.php?rest_route=%2Fwp%2Fv2%2Fcategories&post=18686"},{"taxonomy":"post_tag","embeddable":true,"href":"https:\/\/notiissa.mx\/index.php?rest_route=%2Fwp%2Fv2%2Ftags&post=18686"}],"curies":[{"name":"wp","href":"https:\/\/api.w.org\/{rel}","templated":true}]}}