{"id":18677,"date":"2019-11-13T00:17:50","date_gmt":"2019-11-13T00:17:50","guid":{"rendered":"http:\/\/notiissa.mx\/?p=18677"},"modified":"2019-11-13T00:17:50","modified_gmt":"2019-11-13T00:17:50","slug":"inauguran-cafebreria-siglo-xix-en-el-museo-sebastian","status":"publish","type":"post","link":"https:\/\/notiissa.mx\/?p=18677","title":{"rendered":"Inauguran Cafebrer\u00eda Siglo XIX en el Museo Sebasti\u00e1n"},"content":{"rendered":"<div>\n<p>El Instituto de Cultura del Municipio inaugur\u00f3\u00a0 la \u201cCafebrer\u00eda Siglo XIX\u201d en las instalaciones del Museo Sebasti\u00e1n, ubicadas en la avenida Ju\u00e1rez y calle Sexta, casi esquina con la avenida Ocampo, en el coraz\u00f3n de la ciudad.<\/p>\n<p>El evento inaugural fue presidido por la alcaldesa Maru Campos Galv\u00e1n, Alejandra Enr\u00edquez directora del ICM y Francisco P\u00e9rez Arce, coordinador editorial del Fondo de Cultura Econ\u00f3mica.<\/p>\n<p>En su mensaje, la Presidenta Municipal, se\u00f1al\u00f3 que con este espacio tiene como destino y prop\u00f3sito, \u00a0dotar a sus visitantes de los t\u00edtulos literarios m\u00e1s importantes de nuestra cultura, y que dispongan de un lugar para realizar su lectura, y por supuesto, acompa\u00f1arla de un buen caf\u00e9.<\/p>\n<p>\u201cEstamos seguros de que los chihuahuenses se apropiar\u00e1n de este espacio para seguir navegando el oc\u00e9ano de la literatura; pues como lo hemos visto, en Chihuahua somos amantes de las expresiones culturales, pues somos gente de esp\u00edritu fuerte y pensamiento profundo\u201d, agreg\u00f3.<\/p>\n<p>El proyecto forma parte de las labores de restauraci\u00f3n del Museo Sebasti\u00e1n, con el objetivo de brindar m\u00e1s espacios destinados al arte y la cultura.<\/p>\n<p>En esta ocasi\u00f3n, se presenta la conclusi\u00f3n de la primera etapa de dicho proyecto, misma que\u00a0 consiste\u00a0 en la\u00a0 conservaci\u00f3n del\u00a0 recinto\u00a0 y la incorporaci\u00f3n de la librer\u00eda del EDUCAL-Fondo de Cultura as\u00ed como\u00a0 un \u00e1rea\u00a0 de caf\u00e9 y un pabell\u00f3n cultural. Todo ello con el apoyo del Fondo de Cultura Econ\u00f3mica,\u00a0 Librer\u00edas Educal, y Artes de M\u00e9xico.<\/p>\n<p>Cafebrer\u00eda Siglo XIX, en las instalaciones del Museo Sebasti\u00e1n, abrir\u00e1 sus puertas de martes a s\u00e1bado de 10 a 7 y los domingos 11 a 4<\/p>\n<\/div>\n","protected":false},"excerpt":{"rendered":"<p>El Instituto de Cultura del Municipio inaugur\u00f3\u00a0 la \u201cCafebrer\u00eda Siglo XIX\u201d en las instalaciones del Museo Sebasti\u00e1n, ubicadas en la avenida Ju\u00e1rez y calle Sexta, casi esquina con la avenida Ocampo, en el coraz\u00f3n de la ciudad. El evento inaugural fue presidido por la alcaldesa Maru Campos Galv\u00e1n, Alejandra Enr\u00edquez directora del ICM y Francisco [&hellip;]<\/p>\n","protected":false},"author":1,"featured_media":18678,"comment_status":"open","ping_status":"open","sticky":false,"template":"","format":"standard","meta":{"rop_custom_images_group":[],"rop_custom_messages_group":[],"rop_publish_now":"initial","rop_publish_now_accounts":[],"rop_publish_now_history":[],"rop_publish_now_status":"pending","footnotes":""},"categories":[67],"tags":[23],"class_list":["post-18677","post","type-post","status-publish","format-standard","has-post-thumbnail","hentry","category-ciudad","tag-destacado"],"_links":{"self":[{"href":"https:\/\/notiissa.mx\/index.php?rest_route=\/wp\/v2\/posts\/18677","targetHints":{"allow":["GET"]}}],"collection":[{"href":"https:\/\/notiissa.mx\/index.php?rest_route=\/wp\/v2\/posts"}],"about":[{"href":"https:\/\/notiissa.mx\/index.php?rest_route=\/wp\/v2\/types\/post"}],"author":[{"embeddable":true,"href":"https:\/\/notiissa.mx\/index.php?rest_route=\/wp\/v2\/users\/1"}],"replies":[{"embeddable":true,"href":"https:\/\/notiissa.mx\/index.php?rest_route=%2Fwp%2Fv2%2Fcomments&post=18677"}],"version-history":[{"count":1,"href":"https:\/\/notiissa.mx\/index.php?rest_route=\/wp\/v2\/posts\/18677\/revisions"}],"predecessor-version":[{"id":18679,"href":"https:\/\/notiissa.mx\/index.php?rest_route=\/wp\/v2\/posts\/18677\/revisions\/18679"}],"wp:featuredmedia":[{"embeddable":true,"href":"https:\/\/notiissa.mx\/index.php?rest_route=\/wp\/v2\/media\/18678"}],"wp:attachment":[{"href":"https:\/\/notiissa.mx\/index.php?rest_route=%2Fwp%2Fv2%2Fmedia&parent=18677"}],"wp:term":[{"taxonomy":"category","embeddable":true,"href":"https:\/\/notiissa.mx\/index.php?rest_route=%2Fwp%2Fv2%2Fcategories&post=18677"},{"taxonomy":"post_tag","embeddable":true,"href":"https:\/\/notiissa.mx\/index.php?rest_route=%2Fwp%2Fv2%2Ftags&post=18677"}],"curies":[{"name":"wp","href":"https:\/\/api.w.org\/{rel}","templated":true}]}}