{"id":18671,"date":"2019-11-13T00:05:34","date_gmt":"2019-11-13T00:05:34","guid":{"rendered":"http:\/\/notiissa.mx\/?p=18671"},"modified":"2019-11-13T00:05:34","modified_gmt":"2019-11-13T00:05:34","slug":"propone-recursos-jorge-soto-para-proyecto-hidrico-de-naica","status":"publish","type":"post","link":"https:\/\/notiissa.mx\/?p=18671","title":{"rendered":"Propone recursos Jorge Soto para proyecto h\u00eddrico de Naica"},"content":{"rendered":"<p class=\"yiv8138386856MsoNormal\">El legislador del PAN propuso solicitar recursos del presupuesto federal para el proyecto h\u00eddrico que contempla el bombeo de la mina de Naica, en una primera etapa de inversi\u00f3n por 13 millones de pesos.<\/p>\n<p class=\"yiv8138386856MsoNormal\">El diputado Jorge Soto, presidente de la comisi\u00f3n de Econom\u00eda, present\u00f3 a los pobladores de la comunidad de Naica propuestas de inversi\u00f3n para usar el agua que inunda la mina con fines de producci\u00f3n agr\u00edcola, aprovechando el recurso h\u00eddrico para reactivar la econom\u00eda de la regi\u00f3n en beneficio de las familias.<\/p>\n<p class=\"yiv8138386856MsoNormal\">Las inundaciones al interior de la mina de Naica ocasion\u00f3 el cierre en 2015 y afect\u00f3 a la econom\u00eda de esta comunidad que se sustentaba por la actividad minera, ya que esto gener\u00f3 la p\u00e9rdida de empleos y con ello la sustentabilidad de la regi\u00f3n.<\/p>\n<p class=\"yiv8138386856MsoNormal\">Jorge Soto, ante esta problem\u00e1tica plante\u00f3 un proyecto de reactivaci\u00f3n econ\u00f3mica que implica producci\u00f3n y generaci\u00f3n de empleos, a fin de aprovechar el agua que hay al interior de la mina para uso agr\u00edcola.<\/p>\n<p class=\"yiv8138386856MsoNormal\">\u00a0\u201cAfortunadamente el pueblo de Naica tiene una alternativa que no tienen otros pueblos mineros y en condiciones similares. Entiendo que el problema real y de ra\u00edz de Naica, es el empleo y la econom\u00eda, afortunadamente hay una soluci\u00f3n y tiene que ver con el agua\u201d, dijo el legislador.<\/p>\n<p class=\"yiv8138386856MsoNormal\">Jorge Soto propuso a los pobladores de Naica el proyecto de inversi\u00f3n inicial por 13 millones de pesos de gesti\u00f3n ante el gobierno estatal para reactivar el sector agr\u00edcola, mediante la reutilizaci\u00f3n del agua con bombas de extracci\u00f3n que permitan generar empleos y producci\u00f3n local.<\/p>\n<p class=\"yiv8138386856MsoNormal\">Cabe destacar que los pobladores cuestionaron sobre un exhorto realizado por el diputado Omar Baz\u00e1n, mismo que fue discutido y se resolvi\u00f3 atender con la reuni\u00f3n del d\u00eda de ayer, a propuesta del Diputado Bazan quien no asisti\u00f3 a pesar de mostrar inter\u00e9s en el tema.<\/p>\n","protected":false},"excerpt":{"rendered":"<p>El legislador del PAN propuso solicitar recursos del presupuesto federal para el proyecto h\u00eddrico que contempla el bombeo de la mina de Naica, en una primera etapa de inversi\u00f3n por 13 millones de pesos. El diputado Jorge Soto, presidente de la comisi\u00f3n de Econom\u00eda, present\u00f3 a los pobladores de la comunidad de Naica propuestas de [&hellip;]<\/p>\n","protected":false},"author":1,"featured_media":18672,"comment_status":"open","ping_status":"open","sticky":false,"template":"","format":"standard","meta":{"rop_custom_images_group":[],"rop_custom_messages_group":[],"rop_publish_now":"initial","rop_publish_now_accounts":[],"rop_publish_now_history":[],"rop_publish_now_status":"pending","footnotes":""},"categories":[72],"tags":[23],"class_list":["post-18671","post","type-post","status-publish","format-standard","has-post-thumbnail","hentry","category-estado","tag-destacado"],"_links":{"self":[{"href":"https:\/\/notiissa.mx\/index.php?rest_route=\/wp\/v2\/posts\/18671","targetHints":{"allow":["GET"]}}],"collection":[{"href":"https:\/\/notiissa.mx\/index.php?rest_route=\/wp\/v2\/posts"}],"about":[{"href":"https:\/\/notiissa.mx\/index.php?rest_route=\/wp\/v2\/types\/post"}],"author":[{"embeddable":true,"href":"https:\/\/notiissa.mx\/index.php?rest_route=\/wp\/v2\/users\/1"}],"replies":[{"embeddable":true,"href":"https:\/\/notiissa.mx\/index.php?rest_route=%2Fwp%2Fv2%2Fcomments&post=18671"}],"version-history":[{"count":1,"href":"https:\/\/notiissa.mx\/index.php?rest_route=\/wp\/v2\/posts\/18671\/revisions"}],"predecessor-version":[{"id":18673,"href":"https:\/\/notiissa.mx\/index.php?rest_route=\/wp\/v2\/posts\/18671\/revisions\/18673"}],"wp:featuredmedia":[{"embeddable":true,"href":"https:\/\/notiissa.mx\/index.php?rest_route=\/wp\/v2\/media\/18672"}],"wp:attachment":[{"href":"https:\/\/notiissa.mx\/index.php?rest_route=%2Fwp%2Fv2%2Fmedia&parent=18671"}],"wp:term":[{"taxonomy":"category","embeddable":true,"href":"https:\/\/notiissa.mx\/index.php?rest_route=%2Fwp%2Fv2%2Fcategories&post=18671"},{"taxonomy":"post_tag","embeddable":true,"href":"https:\/\/notiissa.mx\/index.php?rest_route=%2Fwp%2Fv2%2Ftags&post=18671"}],"curies":[{"name":"wp","href":"https:\/\/api.w.org\/{rel}","templated":true}]}}