{"id":18520,"date":"2019-11-06T20:01:06","date_gmt":"2019-11-06T20:01:06","guid":{"rendered":"http:\/\/notiissa.mx\/?p=18520"},"modified":"2019-11-06T20:01:06","modified_gmt":"2019-11-06T20:01:06","slug":"los-7-puntos-del-plan-que-lanzo-pinera-para-las-empresas-afectadas-por-las-protestas-en-chile","status":"publish","type":"post","link":"https:\/\/notiissa.mx\/?p=18520","title":{"rendered":"Los 7 puntos del plan que lanz\u00f3 Pi\u00f1era para las empresas afectadas por las protestas en Chile"},"content":{"rendered":"<p>Es un combo de medidas que apunta a unas 6.800 peque\u00f1as y medianas empresas que, seg\u00fan el mandatario, fueron \u00abv\u00edctimas de incendios y saqueos\u00bb.<\/p>\n<p>El presidente chileno, Sebasti\u00e1n Pi\u00f1era, lanz\u00f3 un paquete de medidas destinado a 6.800 peque\u00f1as y medianas empresas afectadas por destrozos, saqueos o incendios en el contexto de las protestas generalizadas que estallaron a mitad de octubre. El programa se llama &#8216;Levantemos tu Pyme&#8217; e incluye subsidios, flexibilidad para cumplir con\u00a0las obligaciones impositivas\u00a0y mayor agilidad en los pagos.<\/p>\n<p>Este martes hubo una reuni\u00f3n de Presidencia con emprendedores y Peque\u00f1as y Medianas Empresas (Pymes). \u00abEscuchamos la voz de [las] v\u00edctimas de incendios y saqueos, que en cosa de minutos vieron c\u00f3mo se destru\u00eda el esfuerzo de toda su vida\u00bb, escribi\u00f3 en su twitter Pi\u00f1era tras el encuentro.<\/p>\n<p>De all\u00ed surgi\u00f3 un plan que tiene siete puntos principales:<\/p>\n<h3>1. Seguridad en los pagos<\/h3>\n<p>Prometi\u00f3 que enviar\u00e1 un proyecto para anticipar el plazo de implementaci\u00f3n de la &#8216;Ley Pago a 30 D\u00edas&#8217;\u00a0para que las empresas reciban el dinero de sus facturas \u00aben forma oportuna\u00bb.<\/p>\n<p>Se trata de una norma que originalmente se promulg\u00f3 a mitad de a\u00f1o y que establec\u00eda que \u00abel plazo m\u00e1ximo de pago entre las empresas por la comercializaci\u00f3n de sus productos y servicios ser\u00e1 de 30 d\u00edas corridos a partir del 16 de febrero de 2021\u00bb.<\/p>\n<p>El objetivo de este anuncio es que se adelante la medida y empiece a aplicarse antes, ya que actualmente los comerciantes lidian con pagos de hasta 90 d\u00edas de plazo.<\/p>\n<p>\u00abLas Pymes necesitan seguridad. Necesitan saber que podr\u00e1n pagar sueldos y proveedores a tiempo\u00bb, justific\u00f3 Pi\u00f1era.<\/p>\n<h3>2. Flexibilidad<\/h3>\n<p>Seg\u00fan anunci\u00f3 el mandatario, acordaron con el sector financiero planes\u00a0para dar flexibilidad en los pagos y posibilidad de reprogramar cr\u00e9ditos \u00abpara capital de trabajo\u00bb. Tambi\u00e9n, mayor rapidez en el proceso para que las empresas \u00abpuedan cobrar los seguros comprometidos\u00bb.<\/p>\n<h3>3. Impuestos<\/h3>\n<p>Desde Presidencia prometieron otorgar \u00abfacilidades para cumplimiento de obligaciones\u00bb y plazos m\u00e1s extensos para declarar el IVA. Adem\u00e1s aseguraron que reconocer\u00e1n tributariamente las p\u00e9rdidas y que dar\u00e1n exenciones de multas.<\/p>\n<h3>4. Destrozos<\/h3>\n<p>El Ministerio de Econom\u00eda, Fomento y Turismo, la Corporaci\u00f3n de Fomento de la Producci\u00f3n y el Servicio de Cooperaci\u00f3n T\u00e9cnica (Sercotec) realizaron un relevamiento de las empresas afectadas por las protestas. Como resultado, en el\u00a0catastro\u00a0figuran unas 6800 Pymes\u00a0con problemas como consecuencia de las movilizaciones.<\/p>\n<p>Pi\u00f1era asegur\u00f3 que esas compa\u00f1\u00edas son responsables\u00a0de 40.000 empleos y que las van a ayudar \u00abcon medidas como subsidios, pr\u00e9stamos o garant\u00edas para que recuperen su capital de trabajo y vuelvan a levantarse\u00bb.<\/p>\n<p>Desde el Ministerio de Econom\u00eda aseguraron que dispondr\u00e1n de m\u00e1s de\u00a013.000 millones de pesos (17 millones de d\u00f3lares) en subsidios en apoyo a las Pymes, para que puedan tener liquidez y \u00ablogren la tranquilidad que necesitan para funcionar\u00bb.<\/p>\n<h3>5. Legalidad<\/h3>\n<p>Tambi\u00e9n anunciaron que la Superintendencia de Insolvencia y Reemprendimiento dar\u00e1 asesor\u00eda legal y tributaria a las Pymes afectadas de manera gratuita. Y aseguraron que la Polic\u00eda, las fiscal\u00edas y el Poder Judicial trabajan \u00abpara identificar a violentistas, detenerlos y juzgarlos con todo el rigor de la ley\u00bb.<\/p>\n<h3>6. &#8216;Hashtag&#8217;<\/h3>\n<p>Se lanz\u00f3 una campa\u00f1a bajo el hashtag #ElijoPyme para que los chilenos y las chilenas elijan consumir productos de micro, peque\u00f1as y medianas empresas para aumentar sus ventas y poder reactivar la \u00abcadena de esfuerzo y trabajo\u00bb.<\/p>\n<h3>7. Solidaridad<\/h3>\n<p>El presidente tambi\u00e9n dijo que enviar\u00e1 al Congreso un proyecto para \u00abincentivar y facilitar donaciones\u00bb de grandes empresas o personas para aportar a las Pymes \u00abafectadas por el vandalismo y la violencia\u00bb.<\/p>\n<p>\u00abEs una impotencia y un dolor, no es lo material, es el esfuerzo tuyo, que en un minuto lo ves destruido\u00bb, se escucha decir a una mujer que tiene un comercio en un video que publicaron desde Sercotec.<\/p>\n<p>\u00abTrabajar unidos es clave. De esta forma hemos alcanzado nuestros mayores logros como pa\u00eds\u00bb, escribi\u00f3 en redes sociales.<\/p>\n<h3>En contexto<\/h3>\n<p>A mitad de octubre, las\u00a0 &#8216;evasiones masivas&#8217;\u00a0por la suba del precio del transporte y la declaraci\u00f3n de\u00a0 &#8216;estado de sitio&#8217; por parte de Pi\u00f1era fueron los disparadores de una serie de masivas movilizaciones.<\/p>\n<p>Seg\u00fan el \u00faltimo reporte del Instituto Nacional de Derechos Humanos de la Rep\u00fablica de Chile, desde el inicio ya llevan realizadas 181 presentaciones judiciales. Entre ellas,<strong> 5 son por homicidios, 19 por violencia sexual, 133 por torturas. Adem\u00e1s, informan que se reportaron 4364 detenciones<\/strong>.<\/p>\n<p>Desde entonces, Pi\u00f1era busca calmar la situaci\u00f3n social anunciando medidas. Entre ellas, un aumento del 20 % de la pensi\u00f3n b\u00e1sica y del aporte previsional, la anulaci\u00f3n de la suba en los servicios el\u00e9ctricos o la modificaci\u00f3n de su gabinete de ministros, entre otras cosas. Este mi\u00e9rcoles, inform\u00f3 de la suba del ingreso m\u00ednimo a\u00a0350.000 pesos (unos 470 d\u00f3lares).<\/p>\n<p>&nbsp;<\/p>\n","protected":false},"excerpt":{"rendered":"<p>Es un combo de medidas que apunta a unas 6.800 peque\u00f1as y medianas empresas que, seg\u00fan el mandatario, fueron \u00abv\u00edctimas de incendios y saqueos\u00bb. El presidente chileno, Sebasti\u00e1n Pi\u00f1era, lanz\u00f3 un paquete de medidas destinado a 6.800 peque\u00f1as y medianas empresas afectadas por destrozos, saqueos o incendios en el contexto de las protestas generalizadas que [&hellip;]<\/p>\n","protected":false},"author":1,"featured_media":18521,"comment_status":"open","ping_status":"open","sticky":false,"template":"","format":"standard","meta":{"rop_custom_images_group":[],"rop_custom_messages_group":[],"rop_publish_now":"initial","rop_publish_now_accounts":[],"rop_publish_now_history":[],"rop_publish_now_status":"pending","footnotes":""},"categories":[60],"tags":[],"class_list":["post-18520","post","type-post","status-publish","format-standard","has-post-thumbnail","hentry","category-sonnoticia"],"_links":{"self":[{"href":"https:\/\/notiissa.mx\/index.php?rest_route=\/wp\/v2\/posts\/18520","targetHints":{"allow":["GET"]}}],"collection":[{"href":"https:\/\/notiissa.mx\/index.php?rest_route=\/wp\/v2\/posts"}],"about":[{"href":"https:\/\/notiissa.mx\/index.php?rest_route=\/wp\/v2\/types\/post"}],"author":[{"embeddable":true,"href":"https:\/\/notiissa.mx\/index.php?rest_route=\/wp\/v2\/users\/1"}],"replies":[{"embeddable":true,"href":"https:\/\/notiissa.mx\/index.php?rest_route=%2Fwp%2Fv2%2Fcomments&post=18520"}],"version-history":[{"count":1,"href":"https:\/\/notiissa.mx\/index.php?rest_route=\/wp\/v2\/posts\/18520\/revisions"}],"predecessor-version":[{"id":18522,"href":"https:\/\/notiissa.mx\/index.php?rest_route=\/wp\/v2\/posts\/18520\/revisions\/18522"}],"wp:featuredmedia":[{"embeddable":true,"href":"https:\/\/notiissa.mx\/index.php?rest_route=\/wp\/v2\/media\/18521"}],"wp:attachment":[{"href":"https:\/\/notiissa.mx\/index.php?rest_route=%2Fwp%2Fv2%2Fmedia&parent=18520"}],"wp:term":[{"taxonomy":"category","embeddable":true,"href":"https:\/\/notiissa.mx\/index.php?rest_route=%2Fwp%2Fv2%2Fcategories&post=18520"},{"taxonomy":"post_tag","embeddable":true,"href":"https:\/\/notiissa.mx\/index.php?rest_route=%2Fwp%2Fv2%2Ftags&post=18520"}],"curies":[{"name":"wp","href":"https:\/\/api.w.org\/{rel}","templated":true}]}}