{"id":18483,"date":"2019-11-04T23:41:00","date_gmt":"2019-11-04T23:41:00","guid":{"rendered":"http:\/\/notiissa.mx\/?p=18483"},"modified":"2019-11-04T23:41:00","modified_gmt":"2019-11-04T23:41:00","slug":"entregan-a-jesus-manuel-palma-el-premio-al-merito-literario-indigena-2019","status":"publish","type":"post","link":"https:\/\/notiissa.mx\/?p=18483","title":{"rendered":"Entregan a Jes\u00fas Manuel Palma el Premio al M\u00e9rito Literario Ind\u00edgena 2019"},"content":{"rendered":"<p class=\"yiv1876850709MsoNormal\">En el marco de la Feria del Libro de Chihuahua, el promotor de la cultura ral\u00e1muli recibi\u00f3 el galard\u00f3n dedicado al poeta, escritor y m\u00fasico Erasmo Palma, por su obra escrita \u201cBil\u00e9 muk\u00ed ra&#8217;ich\u00e1ala\u201d (Pr\u00e1cticas de una mujer)<\/p>\n<p class=\"yiv1876850709gmail-MsoHeader\">Como parte de las actividades de clausura de la Feria del Libro de Chihuahua (Felich) 2019, en Expo Chihuahua, se llev\u00f3 a cabo la entrega del Premio \u201cErasmo Palma\u201d al M\u00e9rito Literario Ind\u00edgena, otorgado este 2019 al promotor cultural Jes\u00fas Manuel Palma Batista.<\/p>\n<p class=\"yiv1876850709gmail-MsoHeader\">De manos de la secretaria de Cultura, Concepci\u00f3n Landa Garc\u00eda T\u00e9llez, Palma Batista recibi\u00f3 este est\u00edmulo gracias a su obra escrita \u201cPr\u00e1cticas de una mujer\u201d, \u201cBil\u00e9 muk\u00ed ra&#8217;ich\u00e1ala\u201d, en su idioma original ral\u00e1muli.<\/p>\n<p class=\"yiv1876850709MsoNormal\">La historia protagonizada por una mujer ral\u00e1muli que habita en la Sierra Tarahumara y cuya meta es lograr ir a la escuela, pone de manifiesto los valores y tradiciones de las culturas ind\u00edgenas a trav\u00e9s de un fino humor y entretenidos sucesos.<\/p>\n<p class=\"yiv1876850709MsoNormal\">Jes\u00fas Manuel es hijo de Don Erasmo Palma Fern\u00e1ndez, destacado escritor, poeta y m\u00fasico ral\u00e1muli originario de Guachochi, Chihuahua, a quien se le rinde homenaje con este premio instaurado en el a\u00f1o 2017 con el prop\u00f3sito de difundir y promover la literatura en idiomas originarios.<\/p>\n<p class=\"yiv1876850709MsoNormal\">\u00a0\u201cEste premio no es una labor que se haya hecho de la noche a la ma\u00f1ana, se lo debo a las personas que insistieron en que participara, como Enrique, porque en nuestra cultura las personas no mueren, cambian de lugar, pero siguen transitando con nosotros\u201d, se\u00f1al\u00f3 el galardonado refiri\u00e9ndose al escritor y promotor de las lenguas ind\u00edgenas, Enrique Serv\u00edn Herrera, quien falleci\u00f3 recientemente.<\/p>\n<p class=\"yiv1876850709MsoNormal\">\u00a0\u201cInvito a la gente a entender el lenguaje occidental para de ah\u00ed tomar armas y explicar y defender nuestra lengua y nuestra cultura\u201d, destac\u00f3.<\/p>\n<p class=\"yiv1876850709MsoNormal\">Se\u00f1al\u00f3 tambi\u00e9n que no existe ning\u00fan m\u00e9todo determinado para aprender una lengua, ya que dijo \u201cse aprende interactuando, los ni\u00f1os interact\u00faan, aprenden viendo y viviendo la cultura\u201d.<\/p>\n<p class=\"yiv1876850709MsoNormal\">La titular de Cultura, Concepci\u00f3n Landa, indic\u00f3 que adem\u00e1s de hacer un homenaje al legado de Erasmo Palma Fern\u00e1ndez, con este premio se pretende difundir y preservar las lenguas ind\u00edgenas como elemento fundamental del patrimonio cultural\u00a0 intangible.<\/p>\n<p class=\"yiv1876850709MsoNormal\">\u00a0\u201cC\u00f3mo dec\u00eda Enrique (Serv\u00edn), cuando un idioma muere se pierde un tesoro irrepetible e invaluable, y estamos frente a un plano cr\u00edtico en el que todos los idiomas se ven amenazados, por eso, este espacio da lugar a los nuevos portadores de las culturas ind\u00edgenas\u201d, expuso.<\/p>\n","protected":false},"excerpt":{"rendered":"<p>En el marco de la Feria del Libro de Chihuahua, el promotor de la cultura ral\u00e1muli recibi\u00f3 el galard\u00f3n dedicado al poeta, escritor y m\u00fasico Erasmo Palma, por su obra escrita \u201cBil\u00e9 muk\u00ed ra&#8217;ich\u00e1ala\u201d (Pr\u00e1cticas de una mujer) Como parte de las actividades de clausura de la Feria del Libro de Chihuahua (Felich) 2019, en [&hellip;]<\/p>\n","protected":false},"author":1,"featured_media":18484,"comment_status":"open","ping_status":"open","sticky":false,"template":"","format":"standard","meta":{"rop_custom_images_group":[],"rop_custom_messages_group":[],"rop_publish_now":"initial","rop_publish_now_accounts":[],"rop_publish_now_history":[],"rop_publish_now_status":"pending","footnotes":""},"categories":[62,72,74],"tags":[],"class_list":["post-18483","post","type-post","status-publish","format-standard","has-post-thumbnail","hentry","category-cultura","category-estado","category-literatura"],"_links":{"self":[{"href":"https:\/\/notiissa.mx\/index.php?rest_route=\/wp\/v2\/posts\/18483","targetHints":{"allow":["GET"]}}],"collection":[{"href":"https:\/\/notiissa.mx\/index.php?rest_route=\/wp\/v2\/posts"}],"about":[{"href":"https:\/\/notiissa.mx\/index.php?rest_route=\/wp\/v2\/types\/post"}],"author":[{"embeddable":true,"href":"https:\/\/notiissa.mx\/index.php?rest_route=\/wp\/v2\/users\/1"}],"replies":[{"embeddable":true,"href":"https:\/\/notiissa.mx\/index.php?rest_route=%2Fwp%2Fv2%2Fcomments&post=18483"}],"version-history":[{"count":1,"href":"https:\/\/notiissa.mx\/index.php?rest_route=\/wp\/v2\/posts\/18483\/revisions"}],"predecessor-version":[{"id":18485,"href":"https:\/\/notiissa.mx\/index.php?rest_route=\/wp\/v2\/posts\/18483\/revisions\/18485"}],"wp:featuredmedia":[{"embeddable":true,"href":"https:\/\/notiissa.mx\/index.php?rest_route=\/wp\/v2\/media\/18484"}],"wp:attachment":[{"href":"https:\/\/notiissa.mx\/index.php?rest_route=%2Fwp%2Fv2%2Fmedia&parent=18483"}],"wp:term":[{"taxonomy":"category","embeddable":true,"href":"https:\/\/notiissa.mx\/index.php?rest_route=%2Fwp%2Fv2%2Fcategories&post=18483"},{"taxonomy":"post_tag","embeddable":true,"href":"https:\/\/notiissa.mx\/index.php?rest_route=%2Fwp%2Fv2%2Ftags&post=18483"}],"curies":[{"name":"wp","href":"https:\/\/api.w.org\/{rel}","templated":true}]}}