{"id":18368,"date":"2019-10-31T04:18:28","date_gmt":"2019-10-31T04:18:28","guid":{"rendered":"http:\/\/notiissa.mx\/?p=18368"},"modified":"2019-10-31T04:18:28","modified_gmt":"2019-10-31T04:18:28","slug":"proponen-jornadas-de-la-revolucion-ante-propuesta-de-eliminar-sesion-en-cuchillo-parado","status":"publish","type":"post","link":"https:\/\/notiissa.mx\/?p=18368","title":{"rendered":"Proponen Jornadas de la Revoluci\u00f3n ante propuesta de eliminar sesi\u00f3n en Cuchillo Parado"},"content":{"rendered":"<p>Chihuahua.- Gustavo de la Rosa de (MORENA) propuso realizar Jornadas de la Revoluci\u00f3n Mexicana en varios lugares del estado, ante\u00a0 la situaci\u00f3n que genera la iniciativa para llevar a cabo la sesi\u00f3n solemne en San Isidro municipio de Guerrero el 18 de noviembre, recordando la cuna de la revoluci\u00f3n, lo que dejar\u00eda al poblado de Cuchillo Parado en Coyame del Sotol sin su tradicional festejo.<\/p>\n<p>Ante el conflicto que puede darse por cambiar la sede de la cuna de la revoluci\u00f3n, proponen reconocer la importancia de ambos pueblos como iniciadores del movimiento revolucionario, se llevar\u00edan a cabo dos sesiones solemnes y varias actividades a partir del 14 de noviembre comenzando en Cuchillo Parado.<\/p>\n<p>Durante la Comisi\u00f3n de Educaci\u00f3n y Cultura del Congreso se analiz\u00f3 la posibilidad de renombrar a San Isidro como cuna de la revoluci\u00f3n, pero hubo negativa y confrontaci\u00f3n entre legisladores, el alcalde de Coyame y otros funcionarios que manifestaron que la historia no debe borrarse y los festejos en Cuchillo Parado son la \u00fanica actividad importante.<\/p>\n<p>El legislador morenista agreg\u00f3 que \u201cla decisi\u00f3n de\u00a0 cambiar la cuna de la revoluci\u00f3n reconocida hist\u00f3ricamente en el pa\u00eds como Cuchillo Parado es un cambio trascendental que debe integrar la participaci\u00f3n del ejecutivo federal, la Secretar\u00eda de Cultura adem\u00e1s de historiadores, y no da\u00f1ar a la comunidad por lo que la decisi\u00f3n debe realizarse con el reconocimiento de todos los iniciadores de la revoluci\u00f3n\u201d.<\/p>\n<p>Finalmente los diputados acordaron valorar la propuesta ante la cercan\u00eda de la fecha\u00a0 de la conmemoraci\u00f3n oficial el 14 de noviembre.<\/p>\n<p>&nbsp;<\/p>\n","protected":false},"excerpt":{"rendered":"<p>Chihuahua.- Gustavo de la Rosa de (MORENA) propuso realizar Jornadas de la Revoluci\u00f3n Mexicana en varios lugares del estado, ante\u00a0 la situaci\u00f3n que genera la iniciativa para llevar a cabo la sesi\u00f3n solemne en San Isidro municipio de Guerrero el 18 de noviembre, recordando la cuna de la revoluci\u00f3n, lo que dejar\u00eda al poblado de [&hellip;]<\/p>\n","protected":false},"author":1,"featured_media":18369,"comment_status":"open","ping_status":"open","sticky":false,"template":"","format":"standard","meta":{"rop_custom_images_group":[],"rop_custom_messages_group":[],"rop_publish_now":"initial","rop_publish_now_accounts":[],"rop_publish_now_history":[],"rop_publish_now_status":"pending","footnotes":""},"categories":[72],"tags":[],"class_list":["post-18368","post","type-post","status-publish","format-standard","has-post-thumbnail","hentry","category-estado"],"_links":{"self":[{"href":"https:\/\/notiissa.mx\/index.php?rest_route=\/wp\/v2\/posts\/18368","targetHints":{"allow":["GET"]}}],"collection":[{"href":"https:\/\/notiissa.mx\/index.php?rest_route=\/wp\/v2\/posts"}],"about":[{"href":"https:\/\/notiissa.mx\/index.php?rest_route=\/wp\/v2\/types\/post"}],"author":[{"embeddable":true,"href":"https:\/\/notiissa.mx\/index.php?rest_route=\/wp\/v2\/users\/1"}],"replies":[{"embeddable":true,"href":"https:\/\/notiissa.mx\/index.php?rest_route=%2Fwp%2Fv2%2Fcomments&post=18368"}],"version-history":[{"count":1,"href":"https:\/\/notiissa.mx\/index.php?rest_route=\/wp\/v2\/posts\/18368\/revisions"}],"predecessor-version":[{"id":18370,"href":"https:\/\/notiissa.mx\/index.php?rest_route=\/wp\/v2\/posts\/18368\/revisions\/18370"}],"wp:featuredmedia":[{"embeddable":true,"href":"https:\/\/notiissa.mx\/index.php?rest_route=\/wp\/v2\/media\/18369"}],"wp:attachment":[{"href":"https:\/\/notiissa.mx\/index.php?rest_route=%2Fwp%2Fv2%2Fmedia&parent=18368"}],"wp:term":[{"taxonomy":"category","embeddable":true,"href":"https:\/\/notiissa.mx\/index.php?rest_route=%2Fwp%2Fv2%2Fcategories&post=18368"},{"taxonomy":"post_tag","embeddable":true,"href":"https:\/\/notiissa.mx\/index.php?rest_route=%2Fwp%2Fv2%2Ftags&post=18368"}],"curies":[{"name":"wp","href":"https:\/\/api.w.org\/{rel}","templated":true}]}}