{"id":18347,"date":"2019-10-30T20:21:47","date_gmt":"2019-10-30T20:21:47","guid":{"rendered":"http:\/\/notiissa.mx\/?p=18347"},"modified":"2019-10-30T20:21:47","modified_gmt":"2019-10-30T20:21:47","slug":"economia-mexicana-crece-0-1-por-ciento-en-tercer-trimestre","status":"publish","type":"post","link":"https:\/\/notiissa.mx\/?p=18347","title":{"rendered":"Econom\u00eda mexicana crece 0.1 por ciento en tercer trimestre"},"content":{"rendered":"<p>Durante los primeros nueve meses de 2019, el PIB oportuno no registr\u00f3 cambio frente a igual lapso de 2018, con cifras desestacionalizadas.<\/p>\n<p>La econom\u00eda mexicana registr\u00f3 un crecimiento de <strong>0.1 por ciento durante el tercer trimestre del a\u00f1o<\/strong>, con base en cifras ajustadas por estacionalidad, inform\u00f3 el Instituto Nacional de Estad\u00edstica y Geograf\u00eda (Inegi).<\/p>\n<p>Sin embargo,\u00a0el Producto Interno Bruto (PIB) de M\u00e9xico <strong>registr\u00f3 una contracci\u00f3n de 0.4 por ciento a tasa anual en el tercer trimestre de este a\u00f1o<\/strong>, con lo cual la econom\u00eda nacional tuvo una baja en este indicador por primera vez desde el cuarto trimestre de 2009, cuando la econom\u00eda padec\u00eda los estragos de la crisis que inici\u00f3 un a\u00f1o antes.<\/p>\n<p>El descenso fue provocado por el sector secundario (industria), que cay\u00f3 <strong>1.8 por ciento comparado con igual periodo de un a\u00f1o antes<\/strong>, y el nulo crecimiento en el sector terciario (servicios), de acuerdo con la Estimaci\u00f3n Oportuna del PIB publicada este mi\u00e9rcoles por el Instituto Nacional de Estad\u00edsticas y Geograf\u00eda (Inegi). El <strong>sector primario (agricultura \/ ganader\u00eda) avanz\u00f3 5.3 por ciento.<\/strong><\/p>\n<p>En general, durante los primeros nueve meses de 2019, <strong>el PIB oportuno no registr\u00f3 cambio frente a igual lapso de 2018<\/strong>, con cifras desestacionalizadas.<\/p>\n<p>El dato definitivo del PIB del tercer trimestre se publicar\u00e1 el pr\u00f3ximo 25 de noviembre.<\/p>\n<p>AN<\/p>\n","protected":false},"excerpt":{"rendered":"<p>Durante los primeros nueve meses de 2019, el PIB oportuno no registr\u00f3 cambio frente a igual lapso de 2018, con cifras desestacionalizadas. La econom\u00eda mexicana registr\u00f3 un crecimiento de 0.1 por ciento durante el tercer trimestre del a\u00f1o, con base en cifras ajustadas por estacionalidad, inform\u00f3 el Instituto Nacional de Estad\u00edstica y Geograf\u00eda (Inegi). Sin [&hellip;]<\/p>\n","protected":false},"author":1,"featured_media":18348,"comment_status":"open","ping_status":"open","sticky":false,"template":"","format":"standard","meta":{"rop_custom_images_group":[],"rop_custom_messages_group":[],"rop_publish_now":"initial","rop_publish_now_accounts":[],"rop_publish_now_history":[],"rop_publish_now_status":"pending","footnotes":""},"categories":[61],"tags":[23],"class_list":["post-18347","post","type-post","status-publish","format-standard","has-post-thumbnail","hentry","category-economia","tag-destacado"],"_links":{"self":[{"href":"https:\/\/notiissa.mx\/index.php?rest_route=\/wp\/v2\/posts\/18347","targetHints":{"allow":["GET"]}}],"collection":[{"href":"https:\/\/notiissa.mx\/index.php?rest_route=\/wp\/v2\/posts"}],"about":[{"href":"https:\/\/notiissa.mx\/index.php?rest_route=\/wp\/v2\/types\/post"}],"author":[{"embeddable":true,"href":"https:\/\/notiissa.mx\/index.php?rest_route=\/wp\/v2\/users\/1"}],"replies":[{"embeddable":true,"href":"https:\/\/notiissa.mx\/index.php?rest_route=%2Fwp%2Fv2%2Fcomments&post=18347"}],"version-history":[{"count":1,"href":"https:\/\/notiissa.mx\/index.php?rest_route=\/wp\/v2\/posts\/18347\/revisions"}],"predecessor-version":[{"id":18349,"href":"https:\/\/notiissa.mx\/index.php?rest_route=\/wp\/v2\/posts\/18347\/revisions\/18349"}],"wp:featuredmedia":[{"embeddable":true,"href":"https:\/\/notiissa.mx\/index.php?rest_route=\/wp\/v2\/media\/18348"}],"wp:attachment":[{"href":"https:\/\/notiissa.mx\/index.php?rest_route=%2Fwp%2Fv2%2Fmedia&parent=18347"}],"wp:term":[{"taxonomy":"category","embeddable":true,"href":"https:\/\/notiissa.mx\/index.php?rest_route=%2Fwp%2Fv2%2Fcategories&post=18347"},{"taxonomy":"post_tag","embeddable":true,"href":"https:\/\/notiissa.mx\/index.php?rest_route=%2Fwp%2Fv2%2Ftags&post=18347"}],"curies":[{"name":"wp","href":"https:\/\/api.w.org\/{rel}","templated":true}]}}