{"id":18263,"date":"2019-10-28T01:35:18","date_gmt":"2019-10-28T01:35:18","guid":{"rendered":"http:\/\/notiissa.mx\/?p=18263"},"modified":"2019-10-28T01:35:18","modified_gmt":"2019-10-28T01:35:18","slug":"se-estrena-ricardo-raphael-como-novelista-en-la-felich","status":"publish","type":"post","link":"https:\/\/notiissa.mx\/?p=18263","title":{"rendered":"Se estrena Ricardo Raphael como novelista en la Felich"},"content":{"rendered":"<p class=\"yiv6479251471MsoNormal\"><b><span lang=\"ES\">&#8211;El periodista presenta su libro <i>\u201cHijo de la Guerra\u201d<\/i>: He pensado que Chihuahua es como la alerta temprana de los problemas que pasan en el\u00a0 pa\u00eds. <\/span><\/b><\/p>\n<p class=\"yiv6479251471MsoNormal\"><span lang=\"ES\">Ricardo Raphael, analista, columnista, l\u00edder de opini\u00f3n y docente, se estren\u00f3 como novelista en la Feria del Libro de Chihuahua, con la primera presentaci\u00f3n de su libro \u201cHijo de la Guerra\u201d, un relato novelado sobre las pl\u00e1ticas entre el periodista y un l\u00edder criminal recluido que da cuenta de la realidad de un pa\u00eds dominado por una guerra que es parte de nuestro entorno cotidiano.<\/span><\/p>\n<p class=\"yiv6479251471MsoNormal\"><span lang=\"ES\">El secretario de Desarrollo Social, V\u00edctor Quintana Silveyra, fue el presentador que antecedi\u00f3 la charla del autor, e hizo un recorrido por el hilo conductual de la historia, cuyo estilo se debate entre la ficci\u00f3n y la realidad, la literatura y el periodismo, pero cuyas historias no nos son ajenas \u201cpues ha sido parte de la guerra de la que hemos sido testigos\u201d, subray\u00f3 el anfitri\u00f3n.<\/span><\/p>\n<p class=\"yiv6479251471MsoNormal\"><span lang=\"ES\">\u00a0\u201cMe emociona much\u00edsimo tener la oportunidad de que este libro se presente por vez primera aqu\u00ed, porque Chihuahua ha sido una fuente de inspiraci\u00f3n muy importante para mi justamente en tiempos tan dif\u00edciles;\u00a0 lo que ustedes vivieron en Ciudad Ju\u00e1rez, en Chihuahua y otras poblaciones del estado es un ejemplo de c\u00f3mo una sociedad logr\u00f3 pacificarse\u201d, dijo el escritor.<\/span><\/p>\n<p class=\"yiv6479251471MsoNormal\"><span lang=\"ES\">Abund\u00f3 que esto no quiere decir que todo est\u00e9 resuelto, pero han tenido momentos muy graves y \u201choy no es uno de ellos, esto me lleva a suponer que esta pacificaci\u00f3n puede suceder en el resto del pa\u00eds\u201d, dijo.<\/span><\/p>\n<p class=\"yiv6479251471MsoNormal\"><span lang=\"ES\">\u201cHe pensado que Chihuahua es como la alerta temprana de los problemas que pasan en el\u00a0 pa\u00eds: aqu\u00ed son\u00f3 primero la Revoluci\u00f3n y luego en el resto; aqu\u00ed son\u00f3 primero la democracia y luego en el resto; aqu\u00ed son\u00f3 primero la guerra y luego en el resto, y quiero pensar que aqu\u00ed est\u00e1 sonando la paz y a lo mejor, ustedes son ejemplo para el resto del pa\u00eds. Vale la pena seguir de cerca c\u00f3mo la cultura en esta entidad nos puede acompa\u00f1ar al resto del pa\u00eds para transformar la realidad\u201d, a\u00f1adi\u00f3.<\/span><\/p>\n<p class=\"yiv6479251471MsoNormal\"><span lang=\"ES\">En un Auditorio \u201cEnrique Serv\u00edn Herrera\u201d repleto, Quintana Silveyra\u00a0 narr\u00f3 una sinopsis muy personal de la lectura: en el penal de Chiconautla, un recluso asegura ser el Zeta 9, uno de los fundadores del cartel m\u00e1s sanguinario de M\u00e9xico.\u00a0 Un periodista acude a realizar una serie de entrevistas, y m\u00e1s all\u00e1 de tratar de desentra\u00f1ar las escenas propias de la narconovela, termina creando un escenario de empat\u00eda y reflexi\u00f3n, que lleva al lector a preguntarse sobre su propia violencia en sus contextos cotidianos, y la manera en que a diario se alimenta o se lucha por la paz en el \u00e1mbito privado.<\/span><\/p>\n<p class=\"yiv6479251471MsoNormal\"><span lang=\"ES\">\u201cHijo de la Guerra\u201d sali\u00f3 a las librer\u00edas apenas hace un par de semanas, y la pr\u00f3xima presentaci\u00f3n la realizar\u00e1 el autor en la Feria Internacional del Libro de Guadalajara (FIL). En este sentido, tiene Chihuahua esta doble primicia de uno de los principales l\u00edderes de opini\u00f3n de M\u00e9xico, como lo es Ricardo Raphael: su nueva obra y su debut en el g\u00e9nero novela.<\/span><\/p>\n<p class=\"yiv6479251471MsoNormal\"><span lang=\"ES\">\u201cLa literatura es un espejo privilegiado para acercarse a la esencia de lo humano y transformarla, por eso estos homenajes a la literatura y al libro, como lo es la Feria del Libro de Chihuahua, nos permiten acercarnos a quienes somos nosotros, a quienes son los otros, a quienes construyen comunidad y como construyen comunidad. Celebro estar aqu\u00ed en la Felich. Aqu\u00ed me estreno en el arte de la literatura, busc\u00e1ndole y busc\u00e1ndome en las letras\u201d, concluy\u00f3 el invitado. <\/span><\/p>\n<p class=\"yiv6479251471MsoNormal\"><span lang=\"ES\">La Feria del Libro de Chihuahua est\u00e1 vigente hasta el domingo 3 de noviembre, en la Expo Chihuahua, en un horario de 9:00 a 21:00 horas, y todas las actividades son gratuitas.<\/span><\/p>\n<p class=\"yiv6479251471MsoNormal\"><span lang=\"ES\">Para mayor informaci\u00f3n sobre la programaci\u00f3n diaria, consulta la cartelera en las redes sociales de la Felich.<\/span><\/p>\n","protected":false},"excerpt":{"rendered":"<p>&#8211;El periodista presenta su libro \u201cHijo de la Guerra\u201d: He pensado que Chihuahua es como la alerta temprana de los problemas que pasan en el\u00a0 pa\u00eds. Ricardo Raphael, analista, columnista, l\u00edder de opini\u00f3n y docente, se estren\u00f3 como novelista en la Feria del Libro de Chihuahua, con la primera presentaci\u00f3n de su libro \u201cHijo de [&hellip;]<\/p>\n","protected":false},"author":1,"featured_media":18264,"comment_status":"open","ping_status":"open","sticky":false,"template":"","format":"standard","meta":{"rop_custom_images_group":[],"rop_custom_messages_group":[],"rop_publish_now":"initial","rop_publish_now_accounts":[],"rop_publish_now_history":[],"rop_publish_now_status":"pending","footnotes":""},"categories":[62,74],"tags":[],"class_list":["post-18263","post","type-post","status-publish","format-standard","has-post-thumbnail","hentry","category-cultura","category-literatura"],"_links":{"self":[{"href":"https:\/\/notiissa.mx\/index.php?rest_route=\/wp\/v2\/posts\/18263","targetHints":{"allow":["GET"]}}],"collection":[{"href":"https:\/\/notiissa.mx\/index.php?rest_route=\/wp\/v2\/posts"}],"about":[{"href":"https:\/\/notiissa.mx\/index.php?rest_route=\/wp\/v2\/types\/post"}],"author":[{"embeddable":true,"href":"https:\/\/notiissa.mx\/index.php?rest_route=\/wp\/v2\/users\/1"}],"replies":[{"embeddable":true,"href":"https:\/\/notiissa.mx\/index.php?rest_route=%2Fwp%2Fv2%2Fcomments&post=18263"}],"version-history":[{"count":1,"href":"https:\/\/notiissa.mx\/index.php?rest_route=\/wp\/v2\/posts\/18263\/revisions"}],"predecessor-version":[{"id":18265,"href":"https:\/\/notiissa.mx\/index.php?rest_route=\/wp\/v2\/posts\/18263\/revisions\/18265"}],"wp:featuredmedia":[{"embeddable":true,"href":"https:\/\/notiissa.mx\/index.php?rest_route=\/wp\/v2\/media\/18264"}],"wp:attachment":[{"href":"https:\/\/notiissa.mx\/index.php?rest_route=%2Fwp%2Fv2%2Fmedia&parent=18263"}],"wp:term":[{"taxonomy":"category","embeddable":true,"href":"https:\/\/notiissa.mx\/index.php?rest_route=%2Fwp%2Fv2%2Fcategories&post=18263"},{"taxonomy":"post_tag","embeddable":true,"href":"https:\/\/notiissa.mx\/index.php?rest_route=%2Fwp%2Fv2%2Ftags&post=18263"}],"curies":[{"name":"wp","href":"https:\/\/api.w.org\/{rel}","templated":true}]}}