{"id":18049,"date":"2019-10-21T17:33:48","date_gmt":"2019-10-21T17:33:48","guid":{"rendered":"http:\/\/notiissa.mx\/?p=18049"},"modified":"2019-10-21T17:33:48","modified_gmt":"2019-10-21T17:33:48","slug":"lopez-obrador-me-gustaria-comparecer-ante-la-autoridad-para-exponer-mis-razones","status":"publish","type":"post","link":"https:\/\/notiissa.mx\/?p=18049","title":{"rendered":"L\u00f3pez Obrador: \u00abMe gustar\u00eda comparecer ante la autoridad para exponer mis razones\u00bb"},"content":{"rendered":"<div class=\"arcticle-summary\">\n<p>Dirigentes de la oposici\u00f3n anunciaron que presentar\u00edan una denuncia legal contra el presidente mexicano luego de que el C\u00e1rtel de Sinaloa tomara control de la ciudad de Culiac\u00e1n durante un operativo de seguridad.<\/p>\n<\/div>\n<div class=\"arcticle-media\">\n<p>El presidente de M\u00e9xico, Andr\u00e9s Manuel L\u00f3pez Obrador, dijo estar dispuesto a comparecer ante las autoridades tras los hechos de violencia registrados el jueves 17 de octubre en Culiac\u00e1n, estado de Sinaloa, que se saldaron con la liberaci\u00f3n del hijo del &#8216;Chapo&#8217;, el tambi\u00e9n capo Ovidio Guzm\u00e1n.<\/p>\n<p>Las declaraciones del mandatario se producen\u00a0luego de que integrantes de la oposici\u00f3n, principalmente dirigentes del conservador PAN, se\u00f1alaran que denunciar\u00edan a L\u00f3pez Obrador ante la Fiscal\u00eda para investigar los sucedido.<\/p>\n<p>\u00abEstoy dispuesto a comparecer porque se dio a conocer que van a presentar o <strong>ya presentaron una denuncia en contra m\u00eda los presidentes del PAN<\/strong>, los que son partidarios del uso de la fuerza y que con su estrategia convirtieron al pa\u00eds en un cementerio\u00bb, dijo el mandatario en su conferencia de prensa matutina de este lunes 21 de octubre.<\/p>\n<p>\u00ab<strong>Me gustar\u00eda comparecer ante la autoridad para exponer mis razones de por qu\u00e9 no a la violencia\u00bb<\/strong>, agreg\u00f3 L\u00f3pez Obrador, quien defendi\u00f3 su decisi\u00f3n de impedir un n\u00famero mayor de muertes tras los enfrentamientos registrados entre fuerzas federales y el C\u00e1rtel de Sinaloa.<\/p>\n<p>A trav\u00e9s de su cuenta de Twitter, el l\u00edder nacional del PAN, Marko Cort\u00e9s,\u00a0asegur\u00f3 que su partido present\u00f3 una denuncia ante la Fiscal\u00eda General de la Rep\u00fablica en contra del presidente y el gabinete de seguridad, por la liberaci\u00f3n de Ovidio Guzm\u00e1n.<\/p>\n<p>En respuesta, el presidente L\u00f3pez Obrador se\u00f1al\u00f3 que \u00aben\u00a0todos los casos se tiene que castigar y detener a presuntos delincuentes pero lo m\u00e1s importante es cuidar la vida de las personas\u00bb, y arremeti\u00f3 contra quienes previamente impulsaron la estrategia de seguridad, en alusi\u00f3n a sus opositores de derecha.<\/p>\n<p>De acuerdo con una encuesta del peri\u00f3dico Reforma, la poblaci\u00f3n mexicana se encuentra dividida entre quienes consideran que el Gobierno de L\u00f3pez Obrador actu\u00f3 bien al proteger a la poblaci\u00f3n civil y quienes consideran que liberar a Ovidio Guzm\u00e1n fue un error. De acuerdo con la encuesta telef\u00f3nica,\u00a049 % de los mexicanos\u00a0estaba en desacuerdo con\u00a0la liberaci\u00f3n del capo\u00a0mientras 45 % se pronunci\u00f3 a favor.<\/p>\n<h3>Sobre las versiones que circulan sobre el operativo<\/h3>\n<p>Durante la conferencia matutina, un periodista pregunt\u00f3 a L\u00f3pez Obrador sobre las versiones de una supuesta traici\u00f3n al interior del Gobierno federal, la intervenci\u00f3n de la DEA\u00a0 en el operativo (la agencia antidrogas estadounidense) o las versiones de que Ovidio Guzm\u00e1n se encontraba comiendo mariscos en una carretera al momento en que fue interceptado por fuerzas federales. <strong>El mandatario neg\u00f3 todas estas informaciones<\/strong>.<\/p>\n<p><strong>\u00abNada de lo que usted est\u00e1 planteando es de mi conocimiento\u00bb<\/strong>, respondi\u00f3 L\u00f3pez Obrador.<\/p>\n<p>\u00abNo me gusta la especulaci\u00f3n, no hago conjeturas. Yo procuro tener informaci\u00f3n de primera y la tengo. <strong>No permito que nadie me manipule<\/strong>. No me comparen, porque eso s\u00ed calienta. No es de que hacen las cosas y yo no me entero o yo delego funciones y usted haga lo que quiera. No. El presidente de M\u00e9xico tiene informaci\u00f3n y sabe muy bien lo que est\u00e1 sucediendo\u00bb, apunt\u00f3.<\/p>\n<p>Cuando se le cuestion\u00f3 si\u00a0se hab\u00eda tendido una trampa a su Gobierno, L\u00f3pez Obrador pidi\u00f3 diferenciar\u00a0\u00abcu\u00e1l informaci\u00f3n tiene un prop\u00f3sito pol\u00edtico-electoral\u00bb y arremeti\u00f3 contra lo que consider\u00f3 una campa\u00f1a medi\u00e1tica de sus opositores tras las m\u00faltiples versiones que su administraci\u00f3n ofreci\u00f3 sobre los hechos ocurridos en Culiac\u00e1n.<\/p>\n<p>\u00abSi fuera esa la intenci\u00f3n, aceptando sin conceder, nos hicieron lo que el viento a Ju\u00e1rez. Punto\u00bb, afirm\u00f3.<\/p>\n<p>L\u00f3pez Obrador reiter\u00f3 que la decisi\u00f3n de liberar al capo fue tomada por el gabinete de seguridad y respaldada por \u00e9l mismo, luego de las amenazas que exist\u00edan cuando los narcotraficantes atacaron instalaciones donde viv\u00edan familias de militares.<\/p>\n<p>RT<\/p>\n<\/div>\n","protected":false},"excerpt":{"rendered":"<p>Dirigentes de la oposici\u00f3n anunciaron que presentar\u00edan una denuncia legal contra el presidente mexicano luego de que el C\u00e1rtel de Sinaloa tomara control de la ciudad de Culiac\u00e1n durante un operativo de seguridad. El presidente de M\u00e9xico, Andr\u00e9s Manuel L\u00f3pez Obrador, dijo estar dispuesto a comparecer ante las autoridades tras los hechos de violencia registrados [&hellip;]<\/p>\n","protected":false},"author":1,"featured_media":18050,"comment_status":"open","ping_status":"open","sticky":false,"template":"","format":"standard","meta":{"rop_custom_images_group":[],"rop_custom_messages_group":[],"rop_publish_now":"initial","rop_publish_now_accounts":[],"rop_publish_now_history":[],"rop_publish_now_status":"pending","footnotes":""},"categories":[75],"tags":[],"class_list":["post-18049","post","type-post","status-publish","format-standard","has-post-thumbnail","hentry","category-actualidad"],"_links":{"self":[{"href":"https:\/\/notiissa.mx\/index.php?rest_route=\/wp\/v2\/posts\/18049","targetHints":{"allow":["GET"]}}],"collection":[{"href":"https:\/\/notiissa.mx\/index.php?rest_route=\/wp\/v2\/posts"}],"about":[{"href":"https:\/\/notiissa.mx\/index.php?rest_route=\/wp\/v2\/types\/post"}],"author":[{"embeddable":true,"href":"https:\/\/notiissa.mx\/index.php?rest_route=\/wp\/v2\/users\/1"}],"replies":[{"embeddable":true,"href":"https:\/\/notiissa.mx\/index.php?rest_route=%2Fwp%2Fv2%2Fcomments&post=18049"}],"version-history":[{"count":1,"href":"https:\/\/notiissa.mx\/index.php?rest_route=\/wp\/v2\/posts\/18049\/revisions"}],"predecessor-version":[{"id":18051,"href":"https:\/\/notiissa.mx\/index.php?rest_route=\/wp\/v2\/posts\/18049\/revisions\/18051"}],"wp:featuredmedia":[{"embeddable":true,"href":"https:\/\/notiissa.mx\/index.php?rest_route=\/wp\/v2\/media\/18050"}],"wp:attachment":[{"href":"https:\/\/notiissa.mx\/index.php?rest_route=%2Fwp%2Fv2%2Fmedia&parent=18049"}],"wp:term":[{"taxonomy":"category","embeddable":true,"href":"https:\/\/notiissa.mx\/index.php?rest_route=%2Fwp%2Fv2%2Fcategories&post=18049"},{"taxonomy":"post_tag","embeddable":true,"href":"https:\/\/notiissa.mx\/index.php?rest_route=%2Fwp%2Fv2%2Ftags&post=18049"}],"curies":[{"name":"wp","href":"https:\/\/api.w.org\/{rel}","templated":true}]}}