{"id":18036,"date":"2019-10-21T00:46:42","date_gmt":"2019-10-21T00:46:42","guid":{"rendered":"http:\/\/notiissa.mx\/?p=18036"},"modified":"2019-10-21T00:46:42","modified_gmt":"2019-10-21T00:46:42","slug":"manuel-sinonimo-de-memo-primo-o-simplemente-gilipollas","status":"publish","type":"post","link":"https:\/\/notiissa.mx\/?p=18036","title":{"rendered":"MANUEL: SIN\u00d3NIMO DE \u201cMEMO\u201d, \u201cPRIMO\u201d O SIMPLEMENTE \u201cGILIPOLLAS\u201d."},"content":{"rendered":"<p>Me imagino que con ese t\u00edtulo, entrado en ese asunto de los manueles podr\u00eda ocurrir que un lector distra\u00eddo pensara que en estos p\u00e1rrafos me refiero al \u201cCabeza de Guata\u201d (\u00a1ay, c\u00f3mo extra\u00f1o mis desahogos!) pero no.<\/p>\n<p>Resulta que el mes pasado lo empec\u00e9, o casi, haciendo referencia a la obra de Manuel\u00a0Larrainzar, ese animalito que tuvo la nefasta ocurrencia iniciar su cr\u00f3nica hist\u00f3rica aludiendo a los pueblos nativos de estos lares con la intensi\u00f3n, no tan sana, de extender en el tiempo la permanencia de aquello que hemos dado en llamar \u201cmexicanidad\u201d.<\/p>\n<p>Pretensi\u00f3n imb\u00e9cil, por donde se le mire, porque discurrir de ese modo implica que, adem\u00e1s de echar mano de los avatares de las distintas etnias locales (otom\u00edes, chichimecas y otras vainas) para explicar nuestros or\u00edgenes, deber\u00edamos tambi\u00e9n, y en consecuencia, apropiarnos del bagaje hist\u00f3rico de la Madre Patria y entonces s\u00ed: \u00a1en la madre! Porque resulta que, para asumirnos como mexicanos, \u00edbamos a tener que estar hurg\u00e1ndole santa parte a celtas e iberos, entre otros.<\/p>\n<p>Para que no se diga que soy hocic\u00f3n (que si soy), escribe Manuel\u00a0Larrainzar: \u201c<i>No estuvieron \u00e1 solo esto reducidas sus calamidades y\u00a0padecimientos; del mismo rumbo de donde hab\u00edan venido\u00a0los\u00a0olmecas\u00a0y\u00a0tultecas\u00a0se desprendi\u00f3 otro ej\u00e9rcito invasor entiempo de\u00a0\u00c1huitzotl,\u00a0octavo rey de M\u00e9xico<\/i>\u201d;<sup>1<\/sup>\u00a0s\u00ed se\u00f1or, como lo lee usted, con todas sus letras: \u00a1Octavo rey de M\u00e9xico!\u00a0\u00bfCu\u00e1l M\u00e9xico? M\u00e9xico surgi\u00f3 poco m\u00e1s de trescientos veinte a\u00f1os m\u00e1s despu\u00e9s.<\/p>\n<p>Pues bien, para que vea que estas no son digresiones ociosas, le recuerdo, querida lectora, apreciable lector, dos cosas: en medio del desastre de pa\u00eds que se avizora, hace cinco d\u00edas L\u00f3pez Obrador reiter\u00f3 que Espa\u00f1a y el Vaticano \u201c<i>deben pedir disculpas por la Conquista<\/i>\u201d;<sup>2<\/sup>\u00a0en contraste, por incre\u00edble que parezca, el responsable de las finanzas p\u00fablicas, Arturo Herrera, declar\u00f3,\u00a0<i>e<\/i>n una conferencia en Washington, que el gobierno est\u00e1 implementando estrategias para tratar de mitigar el efecto de un menor dinamismo econ\u00f3mico; y que junto con el tema de la desaceleraci\u00f3n,\u00a0otro de los temas que le \u201c<i>quitan el sue\u00f1o<\/i>\u201d,<sup>3<\/sup>\u00a0es el Tratado de Libre Comercio de Am\u00e9rica del Norte (TLCAN).<\/p>\n<p>Lo grave del asunto es que si este funcionario no duerme con motivo de la preocupaci\u00f3n que lo acalambra, \u00bfc\u00f3mo debemos estar el resto de sus compatriotas tras sus alarmantes declaraciones? \u00bfDurmiendo a pierna suelta?<\/p>\n<p>Lo cierto es que un Secretario de Finanzas insomne no le sirve para nada a nadie; mucho menos, un Presidente de la Rep\u00fablica que, lejos de ver c\u00f3mo reactiva la econom\u00eda para vencer la problem\u00e1tica que representa el conflicto entre China y los Estados Unidos (que est\u00e1 impactando negativamente en nuestro pa\u00eds), se afana en est\u00fapidas reivindicaciones pseudohist\u00f3ricas para distraernos del cataclismo en marcha.<\/p>\n<p>Mal est\u00e1 que reneguemos de nuestras ra\u00edces pues si mentimos a cerca de nuestros or\u00edgenes, nos mentimos respecto de qui\u00e9nes somos y porqu\u00e9 y para qu\u00e9 estamos aqu\u00ed. Manuel, Manuelito, \u00a1cu\u00e1nto le has hecho a M\u00e9xico!<\/p>\n<p>Cont\u00e1cteme a trav\u00e9s de mi correo electr\u00f3nico o s\u00edgame en los medios que gentilmente me publican, en Facebook\u00a0o tambi\u00e9n en mi blog:\u00a0<i>http:\/\/unareflexionpersonal.wordpress.com\/<\/i><\/p>\n<p><u><\/u>\u00a0<u><\/u><\/p>\n<p align=\"center\"><u><b>Luis Villegas Montes.<\/b><b><\/b><\/u><\/p>\n<p align=\"center\"><b><u>luvimo6608@gmail.com,\u00a0luvimo6614@hotmail.com<\/u><\/b><\/p>\n<p><span lang=\"ES\">\u00a0<\/span>1\u00a0LARRAINZAR,\u00a0Manuel. Noticia hist\u00f3rica de\u00a0Soconusco y su incorporaci\u00f3n a la Rep\u00fablica Mexicana, Imprenta de J.A. Lara, M\u00e9xico, 1843, p\u00e1g. 11.<\/p>\n<p><sup>2\u00a0<\/sup>Art\u00edculo de la redacci\u00f3n titulado: \u201c<i>Reitera L\u00f3pez Obrador: &#8216;Se debe de pedir perd\u00f3n por abusos durante la conquista\u2019<\/i>\u201d, el d\u00eda 12 de octubre de 2019, por el peri\u00f3dico\u00a0<cite>Exc\u00e9lsior<\/cite><cite>.<\/cite><\/p>\n<p><sup>3<\/sup>\u00a0Art\u00edculo de Leticia Hern\u00e1ndez titulado: \u201c<i>Desaceleraci\u00f3n le \u2018quita el sue\u00f1o\u2019 a Herrera<\/i>\u201d, el d\u00eda 15 de octubre de 2019, por el peri\u00f3dico\u00a0<cite>El Financiero<\/cite><cite>.<\/cite><\/p>\n","protected":false},"excerpt":{"rendered":"<p>Me imagino que con ese t\u00edtulo, entrado en ese asunto de los manueles podr\u00eda ocurrir que un lector distra\u00eddo pensara que en estos p\u00e1rrafos me refiero al \u201cCabeza de Guata\u201d (\u00a1ay, c\u00f3mo extra\u00f1o mis desahogos!) pero no. Resulta que el mes pasado lo empec\u00e9, o casi, haciendo referencia a la obra de Manuel\u00a0Larrainzar, ese animalito [&hellip;]<\/p>\n","protected":false},"author":1,"featured_media":18037,"comment_status":"open","ping_status":"open","sticky":false,"template":"","format":"standard","meta":{"rop_custom_images_group":[],"rop_custom_messages_group":[],"rop_publish_now":"initial","rop_publish_now_accounts":[],"rop_publish_now_history":[],"rop_publish_now_status":"pending","footnotes":""},"categories":[75,77],"tags":[],"class_list":["post-18036","post","type-post","status-publish","format-standard","has-post-thumbnail","hentry","category-actualidad","category-ni-lectoris"],"_links":{"self":[{"href":"https:\/\/notiissa.mx\/index.php?rest_route=\/wp\/v2\/posts\/18036","targetHints":{"allow":["GET"]}}],"collection":[{"href":"https:\/\/notiissa.mx\/index.php?rest_route=\/wp\/v2\/posts"}],"about":[{"href":"https:\/\/notiissa.mx\/index.php?rest_route=\/wp\/v2\/types\/post"}],"author":[{"embeddable":true,"href":"https:\/\/notiissa.mx\/index.php?rest_route=\/wp\/v2\/users\/1"}],"replies":[{"embeddable":true,"href":"https:\/\/notiissa.mx\/index.php?rest_route=%2Fwp%2Fv2%2Fcomments&post=18036"}],"version-history":[{"count":1,"href":"https:\/\/notiissa.mx\/index.php?rest_route=\/wp\/v2\/posts\/18036\/revisions"}],"predecessor-version":[{"id":18038,"href":"https:\/\/notiissa.mx\/index.php?rest_route=\/wp\/v2\/posts\/18036\/revisions\/18038"}],"wp:featuredmedia":[{"embeddable":true,"href":"https:\/\/notiissa.mx\/index.php?rest_route=\/wp\/v2\/media\/18037"}],"wp:attachment":[{"href":"https:\/\/notiissa.mx\/index.php?rest_route=%2Fwp%2Fv2%2Fmedia&parent=18036"}],"wp:term":[{"taxonomy":"category","embeddable":true,"href":"https:\/\/notiissa.mx\/index.php?rest_route=%2Fwp%2Fv2%2Fcategories&post=18036"},{"taxonomy":"post_tag","embeddable":true,"href":"https:\/\/notiissa.mx\/index.php?rest_route=%2Fwp%2Fv2%2Ftags&post=18036"}],"curies":[{"name":"wp","href":"https:\/\/api.w.org\/{rel}","templated":true}]}}