{"id":17995,"date":"2019-10-18T17:47:43","date_gmt":"2019-10-18T17:47:43","guid":{"rendered":"http:\/\/notiissa.mx\/?p=17995"},"modified":"2019-10-18T17:47:43","modified_gmt":"2019-10-18T17:47:43","slug":"ofrece-corral-su-respaldo-a-lopez-obrador-en-la-lucha-contra-el-narcotrafico","status":"publish","type":"post","link":"https:\/\/notiissa.mx\/?p=17995","title":{"rendered":"Ofrece Corral su respaldo a L\u00f3pez Obrador en la lucha contra el narcotr\u00e1fico"},"content":{"rendered":"<p class=\"yiv0391784873gmail-MsoListParagraph\">Se\u00f1ala que la acci\u00f3n emprendida en Culiac\u00e1n, Sinaloa, va en la ruta correcta; se comunic\u00f3 v\u00eda telef\u00f3nica con el jefe del Ejecutivo Federal para manifestarle la colaboraci\u00f3n necesaria.<\/p>\n<p class=\"yiv0391784873MsoNormal\">El gobernador Javier Corral Jurado manifest\u00f3 su respaldo al Gobierno de la Rep\u00fablica en su decisi\u00f3n y la manera de enfrentar la situaci\u00f3n en Culiac\u00e1n, Sinaloa y a una de las organizaciones criminales m\u00e1s poderosas del mundo, que hacen da\u00f1o no solo ese estado, sino a todo M\u00e9xico.<\/p>\n<p class=\"yiv0391784873MsoNormal\">En entrevista con los medios de comunicaci\u00f3n de la capital del estado, concedida en Palacio de Gobierno, inform\u00f3 que este viernes por la ma\u00f1ana se comunic\u00f3 v\u00eda telef\u00f3nica con el presidente Andr\u00e9s Manuel L\u00f3pez Obrador, para ofrecer toda la colaboraci\u00f3n necesaria en este tema.<\/p>\n<p class=\"yiv0391784873MsoNormal\">\u00a0\u201cLe hemos ofrecido nuestro respaldo y nuestro apoyo al Gobierno Federal y al Presidente de la Rep\u00fablica esta ma\u00f1ana a trav\u00e9s de un mensaje que le he transmitido por tel\u00e9fono, y estamos listos para cualquier acci\u00f3n a la que seamos convocados\u201d, comunic\u00f3.<\/p>\n<p class=\"yiv0391784873MsoNormal\">\u00a0Consider\u00f3 que el operativo desarrollado ayer jueves 17 de octubre para detener a un l\u00edder criminal en Culiac\u00e1n, Sinaloa, instruido por el Gabinete de Seguridad de la Federaci\u00f3n, est\u00e1 en la direcci\u00f3n correcta.<\/p>\n<p class=\"yiv0391784873MsoNormal\">\u00a0\u201cYo quiero expresar que respaldamos y apoyamos y al Gobierno Federal, en la decisi\u00f3n de ir al centro neur\u00e1lgico de la operaci\u00f3n del narcotr\u00e1fico en todo el pa\u00eds, que genera mucha de la violencia que existe en todo el territorio nacional y que incluso nos contamina a varios estados\u201d, dijo el mandatario.<\/p>\n<p class=\"yiv0391784873MsoNormal\">\u00a0Observ\u00f3 que se trata de un asunto tan delicado y complejo que solamente se puede valorar con base en todos los elementos que debi\u00f3 tener el Gabinete, y que son desconocidos por el resto de las entidades y la poblaci\u00f3n en general.<\/p>\n<p class=\"yiv0391784873MsoNormal\">\u00a0\u201cMe concreto a expresar nuestro respaldo, nuestra solidaridad, y por supuesto a decirle al Gobierno de la Rep\u00fablica: cuentan con nosotros para cualquier acci\u00f3n que se requiera en conjunto, para enfrentar este enorme desaf\u00edo que tiene no solo Sinaloa, este es un enorme desaf\u00edo a todo el pa\u00eds. Es un desaf\u00edo a todas las instituciones, al Estado mexicano en su conjunto y a la sociedad\u201d, indic\u00f3.<\/p>\n<p class=\"yiv0391784873MsoNormal\">\u00a0Explic\u00f3 que lo ocurrido este jueves en Sinaloa, debe valorarse desde la perspectiva de que se tom\u00f3 la decisi\u00f3n de enfrentar a los operadores de una de las organizaciones criminales m\u00e1s extendidas y poderosas en el mundo.<\/p>\n<p class=\"yiv0391784873MsoNormal\">\u00a0\u201c\u00bfQue pudo haber errores? Pues s\u00ed, pero si a lo mejor sali\u00f3 mal el d\u00eda de ayer, va a salir bien despu\u00e9s. Lo importante es que no se ceje en la intenci\u00f3n de ir a tocar, a fracturar, la operaci\u00f3n de este c\u00e1rtel\u201d, manifest\u00f3.<\/p>\n<p class=\"yiv0391784873MsoNormal\">\u00a0Respecto a la actuaci\u00f3n espec\u00edfica del Gobierno de Chihuahua, inform\u00f3 que se mantendr\u00e1n los objetivos y las tareas ya programadas: \u201cNo hay marcha atr\u00e1s en un solo mil\u00edmetro. Nosotros estamos desde ayer con alertas, con las previsiones necesarias, nosotros mantenemos nuestra operatividad, nuestra coordinaci\u00f3n, entre todos los niveles de gobierno, y as\u00ed lo seguiremos haciendo\u201d.<\/p>\n<p class=\"yiv0391784873MsoNormal\">\u00a0Adem\u00e1s apunt\u00f3 que es importante enfrentar y asumir con toda claridad que el Estado no puede dejar de actuar frente a situaciones como las de ayer jueves, y es determinante hacerlo de manera coordinada, en un operativo conjunto como pa\u00eds.<\/p>\n<p class=\"yiv0391784873MsoNormal\">\u00a0\u201cLo que yo creo que hay que analizar con mucho cuidado es todo el conjunto de valores, de informaci\u00f3n, de hechos, de elementos que tuvo ayer el gobierno para tomar las decisiones que tom\u00f3. Ese c\u00e1rtel le hace da\u00f1o a todo el pa\u00eds, as\u00ed que nosotros vamos a ofrecer esa colaboraci\u00f3n\u201d, a\u00f1adi\u00f3.<\/p>\n<p class=\"yiv0391784873MsoNormal\">\n","protected":false},"excerpt":{"rendered":"<p>Se\u00f1ala que la acci\u00f3n emprendida en Culiac\u00e1n, Sinaloa, va en la ruta correcta; se comunic\u00f3 v\u00eda telef\u00f3nica con el jefe del Ejecutivo Federal para manifestarle la colaboraci\u00f3n necesaria. El gobernador Javier Corral Jurado manifest\u00f3 su respaldo al Gobierno de la Rep\u00fablica en su decisi\u00f3n y la manera de enfrentar la situaci\u00f3n en Culiac\u00e1n, Sinaloa y [&hellip;]<\/p>\n","protected":false},"author":1,"featured_media":17996,"comment_status":"open","ping_status":"open","sticky":false,"template":"","format":"standard","meta":{"rop_custom_images_group":[],"rop_custom_messages_group":[],"rop_publish_now":"initial","rop_publish_now_accounts":[],"rop_publish_now_history":[],"rop_publish_now_status":"pending","footnotes":""},"categories":[72],"tags":[23],"class_list":["post-17995","post","type-post","status-publish","format-standard","has-post-thumbnail","hentry","category-estado","tag-destacado"],"_links":{"self":[{"href":"https:\/\/notiissa.mx\/index.php?rest_route=\/wp\/v2\/posts\/17995","targetHints":{"allow":["GET"]}}],"collection":[{"href":"https:\/\/notiissa.mx\/index.php?rest_route=\/wp\/v2\/posts"}],"about":[{"href":"https:\/\/notiissa.mx\/index.php?rest_route=\/wp\/v2\/types\/post"}],"author":[{"embeddable":true,"href":"https:\/\/notiissa.mx\/index.php?rest_route=\/wp\/v2\/users\/1"}],"replies":[{"embeddable":true,"href":"https:\/\/notiissa.mx\/index.php?rest_route=%2Fwp%2Fv2%2Fcomments&post=17995"}],"version-history":[{"count":1,"href":"https:\/\/notiissa.mx\/index.php?rest_route=\/wp\/v2\/posts\/17995\/revisions"}],"predecessor-version":[{"id":17997,"href":"https:\/\/notiissa.mx\/index.php?rest_route=\/wp\/v2\/posts\/17995\/revisions\/17997"}],"wp:featuredmedia":[{"embeddable":true,"href":"https:\/\/notiissa.mx\/index.php?rest_route=\/wp\/v2\/media\/17996"}],"wp:attachment":[{"href":"https:\/\/notiissa.mx\/index.php?rest_route=%2Fwp%2Fv2%2Fmedia&parent=17995"}],"wp:term":[{"taxonomy":"category","embeddable":true,"href":"https:\/\/notiissa.mx\/index.php?rest_route=%2Fwp%2Fv2%2Fcategories&post=17995"},{"taxonomy":"post_tag","embeddable":true,"href":"https:\/\/notiissa.mx\/index.php?rest_route=%2Fwp%2Fv2%2Ftags&post=17995"}],"curies":[{"name":"wp","href":"https:\/\/api.w.org\/{rel}","templated":true}]}}