{"id":17965,"date":"2019-10-18T13:47:41","date_gmt":"2019-10-18T13:47:41","guid":{"rendered":"http:\/\/notiissa.mx\/?p=17965"},"modified":"2019-10-18T13:48:37","modified_gmt":"2019-10-18T13:48:37","slug":"tengan-confianza-no-hay-contubernio-con-la-delincuencia-lopez-obrador-el-presidente-pidio-a-la-poblacion-tener-confianza-en-su-estrategia-que-ponga-en-riesgo-a-la-poblacion","status":"publish","type":"post","link":"https:\/\/notiissa.mx\/?p=17965","title":{"rendered":"Tengan confianza, no hay contubernio con la delincuencia: AMLO"},"content":{"rendered":"<p class=\"letter-capitular\">Al ser cuestionado sobre su respuesta frente a la<strong> presi\u00f3n que ejerci\u00f3 el crimen organizado para liberar a Ovidio Guzm\u00e1n, hijo de \u2018El Chapo\u2019, <\/strong>el presidente Andr\u00e9s Manuel L\u00f3pez Obrador indic\u00f3 que<strong> sostendr\u00e1 su postura de no generar enfrentamientos <\/strong>que pongan en riesgo a la poblaci\u00f3n y que <strong>no hay impunidad.<\/strong><\/p>\n<blockquote><p>Yo le digo al pueblo de M\u00e9xico que tengan confianza que no hay impunidad, porque no hay contubernio entre delincuencia y autoridades. Est\u00e1 bien pintada la raya, la frontera\u201d, asegur\u00f3.<\/p><\/blockquote>\n<p>Respecto a las balaceras que se suscitaron en diversos puntos de la capital sinaloense asegur\u00f3 que<strong> se ponder\u00f3 la vida de los ciudadanos <\/strong>sobre el combate al crimen organizado.<\/p>\n<blockquote><p>Lo de ayer fue una situaci\u00f3n, producto de una circunstancia, en d\u00f3nde se valor\u00f3 que hab\u00eda que proteger la vida de seres humanos\u201d, reiter\u00f3.<\/p>\n<p>Detall\u00f3 que, entre las acciones llevadas a cabo para presionar al Gobierno, se tomaron casetas, desplegaron grupos armados por la ciudad y municipios.<\/p>\n<p>Adem\u00e1s, indic\u00f3 que, a diferencia del actuar de los Gobiernos anteriores, su administraci\u00f3n \u201cnunca se va a dar la orden de reprimir al pueblo\u201d<\/p>\n<p>L\u00f3pez Obrador tambi\u00e9n indic\u00f3 que la decisi\u00f3n de liberar a Ovidio Guzm\u00e1n la tom\u00f3 el gabinete de seguridad, es decir el secretario de la Defensa, Marina y Seguridad P\u00fablica.<\/p>\n<p>Excelsior<\/p><\/blockquote>\n","protected":false},"excerpt":{"rendered":"<p>Al ser cuestionado sobre su respuesta frente a la presi\u00f3n que ejerci\u00f3 el crimen organizado para liberar a Ovidio Guzm\u00e1n, hijo de \u2018El Chapo\u2019, el presidente Andr\u00e9s Manuel L\u00f3pez Obrador indic\u00f3 que sostendr\u00e1 su postura de no generar enfrentamientos que pongan en riesgo a la poblaci\u00f3n y que no hay impunidad. Yo le digo al [&hellip;]<\/p>\n","protected":false},"author":1,"featured_media":17966,"comment_status":"open","ping_status":"open","sticky":false,"template":"","format":"standard","meta":{"rop_custom_images_group":[],"rop_custom_messages_group":[],"rop_publish_now":"initial","rop_publish_now_accounts":[],"rop_publish_now_history":[],"rop_publish_now_status":"pending","footnotes":""},"categories":[75],"tags":[],"class_list":["post-17965","post","type-post","status-publish","format-standard","has-post-thumbnail","hentry","category-actualidad"],"_links":{"self":[{"href":"https:\/\/notiissa.mx\/index.php?rest_route=\/wp\/v2\/posts\/17965","targetHints":{"allow":["GET"]}}],"collection":[{"href":"https:\/\/notiissa.mx\/index.php?rest_route=\/wp\/v2\/posts"}],"about":[{"href":"https:\/\/notiissa.mx\/index.php?rest_route=\/wp\/v2\/types\/post"}],"author":[{"embeddable":true,"href":"https:\/\/notiissa.mx\/index.php?rest_route=\/wp\/v2\/users\/1"}],"replies":[{"embeddable":true,"href":"https:\/\/notiissa.mx\/index.php?rest_route=%2Fwp%2Fv2%2Fcomments&post=17965"}],"version-history":[{"count":2,"href":"https:\/\/notiissa.mx\/index.php?rest_route=\/wp\/v2\/posts\/17965\/revisions"}],"predecessor-version":[{"id":17968,"href":"https:\/\/notiissa.mx\/index.php?rest_route=\/wp\/v2\/posts\/17965\/revisions\/17968"}],"wp:featuredmedia":[{"embeddable":true,"href":"https:\/\/notiissa.mx\/index.php?rest_route=\/wp\/v2\/media\/17966"}],"wp:attachment":[{"href":"https:\/\/notiissa.mx\/index.php?rest_route=%2Fwp%2Fv2%2Fmedia&parent=17965"}],"wp:term":[{"taxonomy":"category","embeddable":true,"href":"https:\/\/notiissa.mx\/index.php?rest_route=%2Fwp%2Fv2%2Fcategories&post=17965"},{"taxonomy":"post_tag","embeddable":true,"href":"https:\/\/notiissa.mx\/index.php?rest_route=%2Fwp%2Fv2%2Ftags&post=17965"}],"curies":[{"name":"wp","href":"https:\/\/api.w.org\/{rel}","templated":true}]}}