{"id":17855,"date":"2019-10-15T23:18:16","date_gmt":"2019-10-15T23:18:16","guid":{"rendered":"http:\/\/notiissa.mx\/?p=17855"},"modified":"2019-10-16T02:29:14","modified_gmt":"2019-10-16T02:29:14","slug":"nombran-a-francisco-alonso-letayf-como-encargado-del-despacho-del-imcfd","status":"publish","type":"post","link":"https:\/\/notiissa.mx\/?p=17855","title":{"rendered":"Nombran a Francisco Alonso Letayf encargado del  IMCFD"},"content":{"rendered":"<div>\n<p>Inicia labores Francisco Alonso Letayf como encargado del despacho del Instituto Municipal de Cultura F\u00edsica y Deporte (IMCFD) tras la salida de Orlando Villalobos de la instituci\u00f3n.Alonso Letayf, se\u00f1al\u00f3 que durante su encargo al frente del despacho del IMCFD, trabajar\u00e1 arduamente por sacar adelante al instituto con los altos est\u00e1ndares a los que est\u00e1n acostumbrados y merecen los deportistas \u00a0y atletas chihuahuenses.<\/p>\n<p>Dentro de su trayectoria en el \u00e1mbito deportivo y social, Francisco Alonso Letayf fue Secretario de la Fundaci\u00f3n Ciclista Comparte el Camino; Coach Manager de la liga de Tochito femenil libre Leones ILS (programa de inclusi\u00f3n deportiva); y ha participado en mesas directivas de asociaciones estudiantiles y de beneficencia.<\/p>\n<p>Cuenta con estudios en Derecho por el Instituto Tecnol\u00f3gico de Estudios Superiores de Monterrey\u00a0 campus Chihuahua, adem\u00e1s de ser T\u00e9cnico en Administraci\u00f3n de peque\u00f1os negocios por el Instituto Metropolitano del Norte, Chihuahua. Aunado a ello, se ha desempe\u00f1ado en la iniciativa privada en puestos como gerente y administrador, entre otras actividades.<\/p>\n<p>El Municipio hace extensivo el agradecimiento y reconocimiento a Villalobos Se\u00e1\u00f1ez ya que durante su periodo al frente del IMCFD en el municipio se obtuvieron importantes logros y avances en el deporte de la ciudad.<\/p>\n<\/div>\n","protected":false},"excerpt":{"rendered":"<p>Inicia labores Francisco Alonso Letayf como encargado del despacho del Instituto Municipal de Cultura F\u00edsica y Deporte (IMCFD) tras la salida de Orlando Villalobos de la instituci\u00f3n.Alonso Letayf, se\u00f1al\u00f3 que durante su encargo al frente del despacho del IMCFD, trabajar\u00e1 arduamente por sacar adelante al instituto con los altos est\u00e1ndares a los que est\u00e1n acostumbrados [&hellip;]<\/p>\n","protected":false},"author":1,"featured_media":17856,"comment_status":"open","ping_status":"open","sticky":false,"template":"","format":"standard","meta":{"rop_custom_images_group":[],"rop_custom_messages_group":[],"rop_publish_now":"initial","rop_publish_now_accounts":[],"rop_publish_now_history":[],"rop_publish_now_status":"pending","footnotes":""},"categories":[67],"tags":[23],"class_list":["post-17855","post","type-post","status-publish","format-standard","has-post-thumbnail","hentry","category-ciudad","tag-destacado"],"_links":{"self":[{"href":"https:\/\/notiissa.mx\/index.php?rest_route=\/wp\/v2\/posts\/17855","targetHints":{"allow":["GET"]}}],"collection":[{"href":"https:\/\/notiissa.mx\/index.php?rest_route=\/wp\/v2\/posts"}],"about":[{"href":"https:\/\/notiissa.mx\/index.php?rest_route=\/wp\/v2\/types\/post"}],"author":[{"embeddable":true,"href":"https:\/\/notiissa.mx\/index.php?rest_route=\/wp\/v2\/users\/1"}],"replies":[{"embeddable":true,"href":"https:\/\/notiissa.mx\/index.php?rest_route=%2Fwp%2Fv2%2Fcomments&post=17855"}],"version-history":[{"count":2,"href":"https:\/\/notiissa.mx\/index.php?rest_route=\/wp\/v2\/posts\/17855\/revisions"}],"predecessor-version":[{"id":17880,"href":"https:\/\/notiissa.mx\/index.php?rest_route=\/wp\/v2\/posts\/17855\/revisions\/17880"}],"wp:featuredmedia":[{"embeddable":true,"href":"https:\/\/notiissa.mx\/index.php?rest_route=\/wp\/v2\/media\/17856"}],"wp:attachment":[{"href":"https:\/\/notiissa.mx\/index.php?rest_route=%2Fwp%2Fv2%2Fmedia&parent=17855"}],"wp:term":[{"taxonomy":"category","embeddable":true,"href":"https:\/\/notiissa.mx\/index.php?rest_route=%2Fwp%2Fv2%2Fcategories&post=17855"},{"taxonomy":"post_tag","embeddable":true,"href":"https:\/\/notiissa.mx\/index.php?rest_route=%2Fwp%2Fv2%2Ftags&post=17855"}],"curies":[{"name":"wp","href":"https:\/\/api.w.org\/{rel}","templated":true}]}}