{"id":17720,"date":"2019-10-11T02:33:35","date_gmt":"2019-10-11T02:33:35","guid":{"rendered":"http:\/\/notiissa.mx\/?p=17720"},"modified":"2019-10-11T02:33:35","modified_gmt":"2019-10-11T02:33:35","slug":"aprueba-senado-exhorto-para-nombrar-titular-de-la-cofese","status":"publish","type":"post","link":"https:\/\/notiissa.mx\/?p=17720","title":{"rendered":"Aprueba Senado exhorto para nombrar titular de la COFESE"},"content":{"rendered":"<p class=\"yiv4662916592ydpe96bfcafMsoNormal\"><b>* Avalan punto de acuerdo del senador P\u00e9rez Cu\u00e9llar para que se repongan nombramientos ilegales en la COFESE<\/b><\/p>\n<p class=\"yiv4662916592ydpe96bfcafMsoNormal\"><b>Ciudad de M\u00e9xico.-\u00a0<\/b>La Comisi\u00f3n de Econom\u00eda del Senado de la Rep\u00fablica, aprob\u00f3 el Punto de Acuerdo presentado por el senador por Morena Cruz P\u00e9rez Cu\u00e9llar, para que se nombre a la persona titular del \u00d3rgano Interno de Control de la Comisi\u00f3n Federal de Competencia Econ\u00f3mica (COFECE), luego de que sus titulares hab\u00edan sido designados a trav\u00e9s de un procedimiento con claras violaciones a la Ley.<\/p>\n<p class=\"yiv4662916592ydpe96bfcafMsoNormal\"><span lang=\"ES-MX\">De tal maera que con 6 votos a favor, dos en contra y una abstenci\u00f3n, la comisi\u00f3n en cuesti\u00f3n aprob\u00f3 que\u00a0\u00a0el Senado de la Rep\u00fablica exhorte respetuosamente a la C\u00e1mara de Diputados del H. Congreso de la Uni\u00f3n, para que nombre a la persona titular del \u00d3rgano Interno de Control de la COFESE, en cumplimiento al mandato expresado en el Decreto constitucional publicado en el Diario Oficial de la Federaci\u00f3n el 27 de mayo de 2015.<\/span><\/p>\n<p class=\"yiv4662916592ydpe96bfcafMsoNormal\">En el punto de acuerdo presentado por el senador morenista, con fecha del 22 de mayo de 2019 se solicit\u00f3 a la Auditor\u00eda Superior de la Federaci\u00f3n llevar a cabo la revisi\u00f3n del procedimiento por el que el Pleno de la Comisi\u00f3n Federal de Competencia Econ\u00f3mica design\u00f3 y ratific\u00f3 a encargados de despacho de su \u00d3rgano Interno de Control, sin tener facultades constitucionales o legales para ello.<\/p>\n<p class=\"yiv4662916592ydpe96bfcafMsoNormal\">Lo anterior, luego de que la COFECE designar\u00e1 a Cutberto Arteaga Santiago como contralor Interno primero y despu\u00e9s como Titular del \u00d3rgano Interno de Control, transgrediendo el principio de seguridad jur\u00eddica, el cual establece que todo acto administrativo debe estar suficientemente fundado y motivado, tal y como establece la Suprema Corte.<\/p>\n<p class=\"yiv4662916592ydpe96bfcafMsoNormal\">El dolo se hace evidente, porque de acuerdo a la Constituci\u00f3n Pol\u00edtica de los Estados Unidos Mexicanos, la instancia responsable de resolver lo relativo a la designaci\u00f3n del titular del \u00d3rgano Interno de Control es la C\u00e1mara de Diputados del Congreso de la Uni\u00f3n, a quien se debi\u00f3 dirigir tal consulta, a trav\u00e9s de su Mesa Directiva o de su Junta de Coordinaci\u00f3n Pol\u00edtica.<\/p>\n<p class=\"yiv4662916592ydpe96bfcafMsoNormal\">Es por todo ello, que el Senado de la Rep\u00fablica coadyuvante con la C\u00e1mara de Diputados en el objetivo superior establecido por la Constituci\u00f3n, en la obligaci\u00f3n de garantizar la imparcialidad y objetividad de la autonom\u00eda otorgada a \u00f3rganos t\u00e9cnicos, no puede permitir que un organismo p\u00fablico, cualquiera que sea este, suplante sus atribuciones e ignore flagrantemente la Constituci\u00f3n y la Ley para ir m\u00e1s all\u00e1 de lo que establece el estado de derecho, transgrediendo las garant\u00edas constitucionales de legalidad y creando riesgos jur\u00eddicos que pueden afectar el correcto desempe\u00f1o de sus labores.<\/p>\n<p class=\"yiv4662916592ydpe96bfcafMsoNormal\">En ese sentido, el punto de acuerdo presentado por el senador chihuahuense, se\u00f1ala adem\u00e1s, que se trata de un tema de \u00e9tica en el servicio p\u00fablico: porque es inaceptable que un \u00f3rgano constitucional aut\u00f3nomo, garante de la equidad en la competencia econ\u00f3mica y cuyas decisiones deben estar investidas de las mayores condiciones de certeza y seguridad jur\u00eddica, haya llevado a cabo procedimientos fuera de la ley para designar indebidamente a un funcionario sin facultades para ello, comprometiendo la integridad de algunas resoluciones en las que el funcionario haya participado ostent\u00e1ndose como contralor o titular del \u00f3rgano interno de control sin serlo afect\u00e1ndolas de un probable vicio de inconstitucionalidad de origen.<\/p>\n<p class=\"yiv4662916592ydpe96bfcafMsoNormal\">\n<p class=\"yiv4662916592ydpe96bfcafMsoNormal\">De tal manera que tras sesionar la Comisi\u00f3n de Econom\u00eda el 9 de octubre de 2019, los integrantes de esta Comisi\u00f3n Dictaminadora, votaron el dictamen determinando como resolutivo que\u00a0<span lang=\"ES-MX\">el Senado de la Rep\u00fablica exhorte respetuosamente a la C\u00e1mara de Diputados del H. Congreso de la Uni\u00f3n, para que nombre a la persona titular del \u00d3rgano Interno de Control de la Comisi\u00f3n Federal de Competencia Econ\u00f3mica.<\/span><\/p>\n<p class=\"yiv4662916592ydpe96bfcafMsoNormal\">\n<p class=\"yiv4662916592ydpe96bfcafMsoNormal\">\n<p class=\"yiv4662916592ydpe96bfcafMsoNormal\">\n","protected":false},"excerpt":{"rendered":"<p>* Avalan punto de acuerdo del senador P\u00e9rez Cu\u00e9llar para que se repongan nombramientos ilegales en la COFESE Ciudad de M\u00e9xico.-\u00a0La Comisi\u00f3n de Econom\u00eda del Senado de la Rep\u00fablica, aprob\u00f3 el Punto de Acuerdo presentado por el senador por Morena Cruz P\u00e9rez Cu\u00e9llar, para que se nombre a la persona titular del \u00d3rgano Interno de [&hellip;]<\/p>\n","protected":false},"author":1,"featured_media":17721,"comment_status":"open","ping_status":"open","sticky":false,"template":"","format":"standard","meta":{"rop_custom_images_group":[],"rop_custom_messages_group":[],"rop_publish_now":"initial","rop_publish_now_accounts":[],"rop_publish_now_history":[],"rop_publish_now_status":"pending","footnotes":""},"categories":[72],"tags":[23],"class_list":["post-17720","post","type-post","status-publish","format-standard","has-post-thumbnail","hentry","category-estado","tag-destacado"],"_links":{"self":[{"href":"https:\/\/notiissa.mx\/index.php?rest_route=\/wp\/v2\/posts\/17720","targetHints":{"allow":["GET"]}}],"collection":[{"href":"https:\/\/notiissa.mx\/index.php?rest_route=\/wp\/v2\/posts"}],"about":[{"href":"https:\/\/notiissa.mx\/index.php?rest_route=\/wp\/v2\/types\/post"}],"author":[{"embeddable":true,"href":"https:\/\/notiissa.mx\/index.php?rest_route=\/wp\/v2\/users\/1"}],"replies":[{"embeddable":true,"href":"https:\/\/notiissa.mx\/index.php?rest_route=%2Fwp%2Fv2%2Fcomments&post=17720"}],"version-history":[{"count":1,"href":"https:\/\/notiissa.mx\/index.php?rest_route=\/wp\/v2\/posts\/17720\/revisions"}],"predecessor-version":[{"id":17722,"href":"https:\/\/notiissa.mx\/index.php?rest_route=\/wp\/v2\/posts\/17720\/revisions\/17722"}],"wp:featuredmedia":[{"embeddable":true,"href":"https:\/\/notiissa.mx\/index.php?rest_route=\/wp\/v2\/media\/17721"}],"wp:attachment":[{"href":"https:\/\/notiissa.mx\/index.php?rest_route=%2Fwp%2Fv2%2Fmedia&parent=17720"}],"wp:term":[{"taxonomy":"category","embeddable":true,"href":"https:\/\/notiissa.mx\/index.php?rest_route=%2Fwp%2Fv2%2Fcategories&post=17720"},{"taxonomy":"post_tag","embeddable":true,"href":"https:\/\/notiissa.mx\/index.php?rest_route=%2Fwp%2Fv2%2Ftags&post=17720"}],"curies":[{"name":"wp","href":"https:\/\/api.w.org\/{rel}","templated":true}]}}