{"id":17691,"date":"2019-10-09T20:42:05","date_gmt":"2019-10-09T20:42:05","guid":{"rendered":"http:\/\/notiissa.mx\/?p=17691"},"modified":"2019-10-09T20:42:05","modified_gmt":"2019-10-09T20:42:05","slug":"invita-diputada-a-clausura-del-fich-en-casas-grandes-pueblo-magico","status":"publish","type":"post","link":"https:\/\/notiissa.mx\/?p=17691","title":{"rendered":"Invita diputada a clausura del FICH en Casas Grandes, Pueblo M\u00e1gico"},"content":{"rendered":"<div>\n<div>Con un espectacular concierto en la Zona Arqueol\u00f3gica de Paquim\u00e9, dar\u00e1n cierre al FICH 2019.<\/div>\n<div><\/div>\n<div>La Diputada por el Distrito 01, Patricia Jurado, invita al cierre del Festival Internacional Chihuahua, que tendr\u00e1 lugar en la Zona Arqueol\u00f3gica de Paquim\u00e9, en el municipio de Casas Grandes.<\/div>\n<div><\/div>\n<div>La legisladora del PAN, resalt\u00f3 la importancia de que este evento se realice en una localidad con el reconocimiento de \u00abPueblo m\u00e1gico\u00bb, siendo una gran oportunidad para desarrollo turistico.<\/div>\n<div><\/div>\n<div>Asimismo, coment\u00f3 que ser\u00e1 la primera ocasi\u00f3n en la que se abrir\u00e1 las puertas de la Zona Arqueol\u00f3gica de Paquim\u00e9, para llevar a cabo un evento de tal magnitud. Se tendr\u00e1 la participaci\u00f3n de la Orquesta Filarm\u00f3nica del Estado de Chihuahua, alternando con el m\u00fasico electr\u00f3nico Murcof en el recital \u201cPaquim\u00e9: Portal Sinf\u00f3nico al Mundo\u201d.<\/div>\n<div><\/div>\n<div>La Diputada finaliz\u00f3 diciendo \u00abDebemos seguir impulsando este tipo de eventos culturales que sigan proyectando al Estado a nivel nacional e internacional\u00bb Acentu\u00f3 que no se realizar\u00e1 en una zona donde se pueda ocasionar un da\u00f1o al patrimonio cultural y que se cuenta con la autorizacion correspondiente por el INAH.<\/div>\n<div><\/div>\n<\/div>\n","protected":false},"excerpt":{"rendered":"<p>Con un espectacular concierto en la Zona Arqueol\u00f3gica de Paquim\u00e9, dar\u00e1n cierre al FICH 2019. La Diputada por el Distrito 01, Patricia Jurado, invita al cierre del Festival Internacional Chihuahua, que tendr\u00e1 lugar en la Zona Arqueol\u00f3gica de Paquim\u00e9, en el municipio de Casas Grandes. La legisladora del PAN, resalt\u00f3 la importancia de que este [&hellip;]<\/p>\n","protected":false},"author":1,"featured_media":17692,"comment_status":"open","ping_status":"open","sticky":false,"template":"","format":"standard","meta":{"rop_custom_images_group":[],"rop_custom_messages_group":[],"rop_publish_now":"initial","rop_publish_now_accounts":[],"rop_publish_now_history":[],"rop_publish_now_status":"pending","footnotes":""},"categories":[70,72],"tags":[],"class_list":["post-17691","post","type-post","status-publish","format-standard","has-post-thumbnail","hentry","category-espectaculos","category-estado"],"_links":{"self":[{"href":"https:\/\/notiissa.mx\/index.php?rest_route=\/wp\/v2\/posts\/17691","targetHints":{"allow":["GET"]}}],"collection":[{"href":"https:\/\/notiissa.mx\/index.php?rest_route=\/wp\/v2\/posts"}],"about":[{"href":"https:\/\/notiissa.mx\/index.php?rest_route=\/wp\/v2\/types\/post"}],"author":[{"embeddable":true,"href":"https:\/\/notiissa.mx\/index.php?rest_route=\/wp\/v2\/users\/1"}],"replies":[{"embeddable":true,"href":"https:\/\/notiissa.mx\/index.php?rest_route=%2Fwp%2Fv2%2Fcomments&post=17691"}],"version-history":[{"count":1,"href":"https:\/\/notiissa.mx\/index.php?rest_route=\/wp\/v2\/posts\/17691\/revisions"}],"predecessor-version":[{"id":17693,"href":"https:\/\/notiissa.mx\/index.php?rest_route=\/wp\/v2\/posts\/17691\/revisions\/17693"}],"wp:featuredmedia":[{"embeddable":true,"href":"https:\/\/notiissa.mx\/index.php?rest_route=\/wp\/v2\/media\/17692"}],"wp:attachment":[{"href":"https:\/\/notiissa.mx\/index.php?rest_route=%2Fwp%2Fv2%2Fmedia&parent=17691"}],"wp:term":[{"taxonomy":"category","embeddable":true,"href":"https:\/\/notiissa.mx\/index.php?rest_route=%2Fwp%2Fv2%2Fcategories&post=17691"},{"taxonomy":"post_tag","embeddable":true,"href":"https:\/\/notiissa.mx\/index.php?rest_route=%2Fwp%2Fv2%2Ftags&post=17691"}],"curies":[{"name":"wp","href":"https:\/\/api.w.org\/{rel}","templated":true}]}}