{"id":17493,"date":"2019-10-02T20:20:00","date_gmt":"2019-10-02T20:20:00","guid":{"rendered":"http:\/\/notiissa.mx\/?p=17493"},"modified":"2019-10-02T20:21:30","modified_gmt":"2019-10-02T20:21:30","slug":"abren-convocatoria-para-el-programa-de-apoyos-del-cuidado-integral-de-ninas-y-ninos-2019","status":"publish","type":"post","link":"https:\/\/notiissa.mx\/?p=17493","title":{"rendered":"Abren convocatoria para el Programa de Apoyos del Cuidado de Ni\u00f1as y Ni\u00f1os 2019"},"content":{"rendered":"<p class=\"yiv2876816510gmail-MsoListParagraph\">-Con presupuesto de 100 millones de pesos, se impulsar\u00e1 a personas f\u00edsicas o morales para que ampl\u00eden o remodelen su estancia infantil.<\/p>\n<p class=\"yiv2876816510MsoNormal\">El Gobierno del Estado, a trav\u00e9s de la Secretar\u00eda de Desarrollo Social, public\u00f3 la convocatoria para que personas f\u00edsicas y morales que presten o deseen prestar el servicio de guarder\u00eda o estancia infantil, puedan recibir recursos del Programa de Apoyos para el Cuidado Integral de Ni\u00f1as y Ni\u00f1os 2019.<\/p>\n<p class=\"yiv2876816510MsoNormal\">El programa cuenta con un presupuesto de 100 millones de pesos y tiene el objetivo de contribuir a garantizar, en colaboraci\u00f3n con la sociedad civil, el derecho al pleno desarrollo de ni\u00f1as, ni\u00f1os y adolescentes, cuyos padres, madres o tutores trabajan o no cuentan con redes de apoyo o protecci\u00f3n social para asegurar sus cuidados, su desarrollo integral y la protecci\u00f3n de sus derechos.<\/p>\n<p class=\"yiv2876816510MsoNormal\">Los apoyos se podr\u00e1n destinar a la ampliaci\u00f3n y remodelaci\u00f3n de espacios para la atenci\u00f3n infantil en cualquier modalidad, as\u00ed como al equipamiento pertinente de los espacios, con mobiliario, material did\u00e1ctico, equipo de seguridad, utensilios de cocina, juegos educativos, etc.<\/p>\n<p class=\"yiv2876816510MsoNormal\">De acuerdo con el documento que se public\u00f3 este d\u00eda, quienes resulten seleccionados podr\u00e1n recibir apoyo para la operaci\u00f3n del primer a\u00f1o, en beneficio de ni\u00f1as, ni\u00f1os y adolescentes de entre 12 meses y hasta los 15 a\u00f1os de edad.<\/p>\n<p class=\"yiv2876816510MsoNormal\">Se tomar\u00e1 como criterio para la asignaci\u00f3n de recursos la ubicaci\u00f3n del espacio propuesto para operar el Centro de Atenci\u00f3n Infantil, considerando la oferta de los espacios cercanos que atiendan a esta poblaci\u00f3n y hasta donde lo permita la disponibilidad presupuestal.<\/p>\n<p class=\"yiv2876816510MsoNormal\">Los participantes deben tener la capacidad para contratar una o m\u00e1s empresas constructoras legalmente establecidas, que aseguren la ampliaci\u00f3n y remodelaci\u00f3n de los espacios, poder comprobar el gasto asignado por Gobierno del Estado y contar con una experiencia comprobada de al menos un a\u00f1o en Centros de Atenci\u00f3n Infantil.<\/p>\n<p class=\"yiv2876816510MsoNormal\">Los interesados deben presentar una solicitud de apoyo, proyecto ejecutivo y presupuesto de costos para la ampliaci\u00f3n, remodelaci\u00f3n y equipamiento de un Centro de Atenci\u00f3n Infantil, el original.<\/p>\n<p class=\"yiv2876816510MsoNormal\">El inmueble deber\u00e1 contar con un espacio f\u00edsico suficiente para brindar el servicio como m\u00ednimo a 20 infantes y un \u00e1rea de 2 metros cuadrados por cada ni\u00f1a o ni\u00f1o (sin contar cocina, pasillos y ba\u00f1os).<\/p>\n<p class=\"yiv2876816510MsoNormal\">En el caso de las personas f\u00edsicas, deben presentar una evaluaci\u00f3n psicom\u00e9trica indicando perfil af\u00edn al cuidado y atenci\u00f3n infantil, que ser\u00e1 aplicado por personal del CAPPSI, contar con evidencia de experiencia comprobable de por lo menos 1 a\u00f1o en Centros de Atenci\u00f3n Infantil, entre otros documentos y requisitos.<\/p>\n<p class=\"yiv2876816510MsoNormal\">Las personas f\u00edsicas o morales podr\u00e1n presentar su documentaci\u00f3n dentro de un plazo no mayor a 20 d\u00edas naturales, a partir de la publicaci\u00f3n de la convocatoria.<\/p>\n<p class=\"yiv2876816510MsoNormal\">Los documentos y proyectos ser\u00e1n recibidos v\u00eda correo electr\u00f3nico en convocatorias.sedesoe@chihuahua.gob.mx y en el edificio H\u00e9roes de la Revoluci\u00f3n, 6to piso, calle Venustiano Carranza No. 803, col. Obrera, Chihuahua, Chih., C.P. 31350.<\/p>\n<p class=\"yiv2876816510MsoNormal\">En Ciudad Ju\u00e1rez, en la Subsecretar\u00eda de Desarrollo Social de la Frontera Norte ubicado en el Parque Central Poniente, edificio principal en la avenida Tecnol\u00f3gico 450, colonia Partido Iglesias, c\u00f3digo postal 32616.<\/p>\n","protected":false},"excerpt":{"rendered":"<p>-Con presupuesto de 100 millones de pesos, se impulsar\u00e1 a personas f\u00edsicas o morales para que ampl\u00eden o remodelen su estancia infantil. El Gobierno del Estado, a trav\u00e9s de la Secretar\u00eda de Desarrollo Social, public\u00f3 la convocatoria para que personas f\u00edsicas y morales que presten o deseen prestar el servicio de guarder\u00eda o estancia infantil, [&hellip;]<\/p>\n","protected":false},"author":1,"featured_media":17494,"comment_status":"open","ping_status":"open","sticky":false,"template":"","format":"standard","meta":{"rop_custom_images_group":[],"rop_custom_messages_group":[],"rop_publish_now":"initial","rop_publish_now_accounts":[],"rop_publish_now_history":[],"rop_publish_now_status":"pending","footnotes":""},"categories":[72],"tags":[23],"class_list":["post-17493","post","type-post","status-publish","format-standard","has-post-thumbnail","hentry","category-estado","tag-destacado"],"_links":{"self":[{"href":"https:\/\/notiissa.mx\/index.php?rest_route=\/wp\/v2\/posts\/17493","targetHints":{"allow":["GET"]}}],"collection":[{"href":"https:\/\/notiissa.mx\/index.php?rest_route=\/wp\/v2\/posts"}],"about":[{"href":"https:\/\/notiissa.mx\/index.php?rest_route=\/wp\/v2\/types\/post"}],"author":[{"embeddable":true,"href":"https:\/\/notiissa.mx\/index.php?rest_route=\/wp\/v2\/users\/1"}],"replies":[{"embeddable":true,"href":"https:\/\/notiissa.mx\/index.php?rest_route=%2Fwp%2Fv2%2Fcomments&post=17493"}],"version-history":[{"count":2,"href":"https:\/\/notiissa.mx\/index.php?rest_route=\/wp\/v2\/posts\/17493\/revisions"}],"predecessor-version":[{"id":17497,"href":"https:\/\/notiissa.mx\/index.php?rest_route=\/wp\/v2\/posts\/17493\/revisions\/17497"}],"wp:featuredmedia":[{"embeddable":true,"href":"https:\/\/notiissa.mx\/index.php?rest_route=\/wp\/v2\/media\/17494"}],"wp:attachment":[{"href":"https:\/\/notiissa.mx\/index.php?rest_route=%2Fwp%2Fv2%2Fmedia&parent=17493"}],"wp:term":[{"taxonomy":"category","embeddable":true,"href":"https:\/\/notiissa.mx\/index.php?rest_route=%2Fwp%2Fv2%2Fcategories&post=17493"},{"taxonomy":"post_tag","embeddable":true,"href":"https:\/\/notiissa.mx\/index.php?rest_route=%2Fwp%2Fv2%2Ftags&post=17493"}],"curies":[{"name":"wp","href":"https:\/\/api.w.org\/{rel}","templated":true}]}}