{"id":17328,"date":"2019-09-28T21:51:43","date_gmt":"2019-09-28T21:51:43","guid":{"rendered":"http:\/\/notiissa.mx\/?p=17328"},"modified":"2019-09-28T21:52:18","modified_gmt":"2019-09-28T21:52:18","slug":"la-migracion-debe-ser-una-opcion-no-debe-ser-forzada-por-la-inseguridad-o-por-la-pobreza-ebrad","status":"publish","type":"post","link":"https:\/\/notiissa.mx\/?p=17328","title":{"rendered":"\u00abLa migraci\u00f3n debe ser una opci\u00f3n, no debe ser forzada por la inseguridad o por la pobreza\u00bb: Ebrard"},"content":{"rendered":"<h1 class=\"arcticle-heading\">\u00a0En su intervenci\u00f3n en el debate general de la 74.\u00aa sesi\u00f3n de la Asamblea General, Marcelo Ebrard afirma que \u00abM\u00e9xico ha recobrado su confianza en s\u00ed mismo\u00bb.<\/h1>\n<p>El ministro de Exteriores de M\u00e9xico, Marcelo Ebrard, se ha dirigido con un discurso a los pa\u00edses miembro de la Asamblea General de la ONU en el debate general de la 74.\u00aa sesi\u00f3n\u00a0del encuentro multinacional.<\/p>\n<p>En su alocuci\u00f3n, Ebrard ha afirmado que la llegada al poder de Andr\u00e9s Manuel L\u00f3pez Obrador \u00absignifica que hay no solo un cambio de Gobierno, sino que va a haber un <strong>cambio de r\u00e9gimen<\/strong>\u00ab, enfocado en la lucha contra la corrupci\u00f3n, la reducci\u00f3n de la desigualdad y\u00a0el crecimiento econ\u00f3mico.<\/p>\n<p>\u00abEn s\u00edntesis, M\u00e9xico ha <strong>recobrado su confianza en s\u00ed mismo<\/strong>\u00ab, resumi\u00f3 el ministro de Exteriores. \u00abEs tiempo de que ese M\u00e9xico renovado, resuelto, seguro de s\u00ed mismo participe amplia, profunda e intensamente para fortalecer nuestro orden multilateral\u00bb, a\u00f1adi\u00f3, precisando que estos motivos llevaron al pa\u00eds a recientemente presentar su candidatura al Consejo de Seguridad.<\/p>\n<p>El canciller tambi\u00e9n ha dejado en claro que la intervenci\u00f3n de su pa\u00eds en la ONU se basa en la \u00ab<strong>no intervenci\u00f3n, autodeterminaci\u00f3n de los pueblos y soluci\u00f3n pac\u00edfica<\/strong> de las controversias\u00bb. En este sentido, M\u00e9xico aboga por el di\u00e1logo y \u00abse opone a medidas como el bloqueo a Cuba o la imposici\u00f3n de sanciones a pa\u00edses\u00bb, subray\u00f3.<\/p>\n<p>\u00abLa paz se basa en la pol\u00edtica como m\u00e9todo, y no en el ejercicio de la fuerza\u00bb, acot\u00f3 el jefe de la diplomacia mexicana. \u00abHay que fortalecer el multilateralismo, y hay que contener las tendencias unilateralistas que han ido aflorando por doquier\u00bb, a\u00f1adi\u00f3.<\/p>\n<p>En cuanto al cambio clim\u00e1tico, Ebrard hace hincapi\u00e9 en que\u00a0la problem\u00e1tica \u00abno admite dilaci\u00f3n o excusa\u00bb al acaecer a la supervivencia del ser humano, por lo que su pa\u00eds\u00a0trabaja sin demora\u00a0en este respecto.<\/p>\n<p>El ministro tambi\u00e9n se refiri\u00f3 al atentado terrorista de agosto en El Paso, Texas (EE.UU.),\u00a0en el que hubo v\u00edctimas mexicanas. \u00abTenemos que tomar conciencia de que <strong>el supremacismo blanco<\/strong>, que las ideas del reemplazo de las civilizaciones, est\u00e1n ya teniendo una <strong>conexi\u00f3n muy evidente<\/strong>\u00ab, se\u00f1ala Ebrard, haciendo un llamado a luchar por prevenir y evitar la expansi\u00f3n de este pensamiento.<\/p>\n<h3>M\u00e9xico, migraci\u00f3n\u00a0y la ONU<\/h3>\n<p>El canciller previamente\u00a0sostuvo una reuni\u00f3n\u00a0con los representantes de El Salvador, Guatemala y Honduras en la que los cuatro gobiernos reafirmaron su compromiso con el Plan de Desarrollo Integral\u00a0para Centroam\u00e9rica, que seg\u00fan Ebrard cuenta con un apoyo de 5.800 millones de d\u00f3lares de parte de EE.UU.<\/p>\n<p>\u00abEn el caso de la migraci\u00f3n, pensamos que las medidas coercitivas <strong>no tienen horizonte de \u00e9xito<\/strong>\u00ab, expresa el diplom\u00e1tico la postura mexicana.<\/p>\n<p>\u00abPensamos que la migraci\u00f3n debe ser <strong>una opci\u00f3n, no debe ser forzada<\/strong> por la inseguridad, o principalmente por la pobreza\u00bb, a\u00f1adi\u00f3,\u00a0indicando que las estimaciones\u00a0respecto al nuevo plan apuntan a que crear\u00eda en la regi\u00f3n m\u00e1s de 60.000 empleos en un a\u00f1o.<\/p>\n<p>En cuanto a la situaci\u00f3n fronteriza, Ebrard hab\u00eda informado sobre un descenso de entre 60 y 70 por ciento en los flujos migratorios hacia el pa\u00eds vecino del norte. Previamente hab\u00eda afirmado adem\u00e1s que M\u00e9xico no va a realizar deportaciones de personas que regresen al pa\u00eds\u00a0a la espera de resoluciones sobre asilo.<\/p>\n<p>En el marco de la Asamblea General, por otra parte, M\u00e9xico ha sido designado por consenso\u00a0para asumir la presidencia &#8216;pro tempore&#8217; de la Comunidad de Estados Latinoamericanos y Caribe\u00f1os (CELAC).<\/p>\n<p>Fuente: Rt<\/p>\n","protected":false},"excerpt":{"rendered":"<p>\u00a0En su intervenci\u00f3n en el debate general de la 74.\u00aa sesi\u00f3n de la Asamblea General, Marcelo Ebrard afirma que \u00abM\u00e9xico ha recobrado su confianza en s\u00ed mismo\u00bb. El ministro de Exteriores de M\u00e9xico, Marcelo Ebrard, se ha dirigido con un discurso a los pa\u00edses miembro de la Asamblea General de la ONU en el debate [&hellip;]<\/p>\n","protected":false},"author":1,"featured_media":17329,"comment_status":"open","ping_status":"open","sticky":false,"template":"","format":"standard","meta":{"rop_custom_images_group":[],"rop_custom_messages_group":[],"rop_publish_now":"initial","rop_publish_now_accounts":[],"rop_publish_now_history":[],"rop_publish_now_status":"pending","footnotes":""},"categories":[60],"tags":[23],"class_list":["post-17328","post","type-post","status-publish","format-standard","has-post-thumbnail","hentry","category-sonnoticia","tag-destacado"],"_links":{"self":[{"href":"https:\/\/notiissa.mx\/index.php?rest_route=\/wp\/v2\/posts\/17328","targetHints":{"allow":["GET"]}}],"collection":[{"href":"https:\/\/notiissa.mx\/index.php?rest_route=\/wp\/v2\/posts"}],"about":[{"href":"https:\/\/notiissa.mx\/index.php?rest_route=\/wp\/v2\/types\/post"}],"author":[{"embeddable":true,"href":"https:\/\/notiissa.mx\/index.php?rest_route=\/wp\/v2\/users\/1"}],"replies":[{"embeddable":true,"href":"https:\/\/notiissa.mx\/index.php?rest_route=%2Fwp%2Fv2%2Fcomments&post=17328"}],"version-history":[{"count":2,"href":"https:\/\/notiissa.mx\/index.php?rest_route=\/wp\/v2\/posts\/17328\/revisions"}],"predecessor-version":[{"id":17331,"href":"https:\/\/notiissa.mx\/index.php?rest_route=\/wp\/v2\/posts\/17328\/revisions\/17331"}],"wp:featuredmedia":[{"embeddable":true,"href":"https:\/\/notiissa.mx\/index.php?rest_route=\/wp\/v2\/media\/17329"}],"wp:attachment":[{"href":"https:\/\/notiissa.mx\/index.php?rest_route=%2Fwp%2Fv2%2Fmedia&parent=17328"}],"wp:term":[{"taxonomy":"category","embeddable":true,"href":"https:\/\/notiissa.mx\/index.php?rest_route=%2Fwp%2Fv2%2Fcategories&post=17328"},{"taxonomy":"post_tag","embeddable":true,"href":"https:\/\/notiissa.mx\/index.php?rest_route=%2Fwp%2Fv2%2Ftags&post=17328"}],"curies":[{"name":"wp","href":"https:\/\/api.w.org\/{rel}","templated":true}]}}