{"id":17317,"date":"2019-09-27T20:48:34","date_gmt":"2019-09-27T20:48:34","guid":{"rendered":"http:\/\/notiissa.mx\/?p=17317"},"modified":"2019-09-27T20:48:34","modified_gmt":"2019-09-27T20:48:34","slug":"entrara-este-domingo-el-frente-frio-no-2","status":"publish","type":"post","link":"https:\/\/notiissa.mx\/?p=17317","title":{"rendered":"Entrar\u00e1 este domingo el Frente Fr\u00edo No. 2"},"content":{"rendered":"<p><strong>E<\/strong><strong>l fen\u00f3meno traer<\/strong><strong>\u00e1<\/strong><strong> lluvias <\/strong><strong>de dispersas a moderadas durante toda la semana pr\u00f3xima, <\/strong><strong>sin afectar las temperaturas.<\/strong><\/p>\n<p class=\"yiv0860551789MsoNormal\">La Coordinaci\u00f3n Estatal de Protecci\u00f3n Civil prev\u00e9 que a partir de este domingo se registre la entrada del frente fr\u00edo n\u00famero 2 al pa\u00eds, que podr\u00eda provocar precipitaciones \u00a0pluviales a lo largo de la pr\u00f3xima semana.<\/p>\n<p class=\"yiv0860551789MsoNormal\">De acuerdo al Sistema Meteorol\u00f3gico Nacional, se espera la entrada de humedad procedente del Oc\u00e9ano Pacifico, as\u00ed como un canal de baja presi\u00f3n en la entidad.<\/p>\n<p class=\"yiv0860551789MsoNormal\">Para este s\u00e1bado se espera un ambiente templado por la ma\u00f1ana y caluroso por la tarde, con cielos mayormente despejados, acompa\u00f1ados de lluvias de dispersas a moderadas en la zona sur, incluyendo Matamoros y Santa B\u00e1rbara, as\u00ed como aisladas en la zona norte incluyendo Guadalupe.<\/p>\n<p class=\"yiv0860551789MsoNormal\">Estas precipitaciones pueden estar acompa\u00f1adas de descargas el\u00e9ctricas y posible ca\u00edda de granizo.<\/p>\n<p class=\"yiv0860551789MsoNormal\">Para la madrugada del domingo se prev\u00e9 la entrada del frente fr\u00edo por el estado vecino de Sonora, el cual provocar\u00e1 lluvias para nuestra entidad sin que haya una disminuci\u00f3n considerable en las temperaturas.<\/p>\n<p class=\"yiv0860551789MsoNormal\">Por la tarde del domingo se espera ambiente caluroso, con cielos parcialmente nublados, lluvias de dispersas a moderadas en la zona sureste, incluyendo Parral y Santa B\u00e1rbara; de aisladas a dispersas en las zonas suroeste, sureste y noreste incluyendo Guadalupe y Calvo, Jim\u00e9nez y Ojinaga.<\/p>\n<p class=\"yiv0860551789MsoNormal\">Para el lunes templado por la ma\u00f1ana, ambiente caluroso por la tarde y se esperan lluvias de dispersas a moderadas en las zonas noroeste, occidente, suroeste y sureste, incluyendo: Nuevo Casas Grandes, Bocoyna, Guachochi, Jim\u00e9nez; lluvias de aisladas a dispersas en las zonas norte, centro, sur y noreste, incluyendo Ju\u00e1rez, Cuauht\u00e9moc, Chihuahua, Parral y Ojinaga.<\/p>\n<p class=\"yiv0860551789MsoNormal\">Para este viernes se espera un ambiente caluroso con precipitaciones de aisladas a dispersas en las zonas centro, suroeste y sur, principalmente en Aldama, Guadalupe y Calvo\u00a0 y Parral.<\/p>\n","protected":false},"excerpt":{"rendered":"<p>El fen\u00f3meno traer\u00e1 lluvias de dispersas a moderadas durante toda la semana pr\u00f3xima, sin afectar las temperaturas. La Coordinaci\u00f3n Estatal de Protecci\u00f3n Civil prev\u00e9 que a partir de este domingo se registre la entrada del frente fr\u00edo n\u00famero 2 al pa\u00eds, que podr\u00eda provocar precipitaciones \u00a0pluviales a lo largo de la pr\u00f3xima semana. De acuerdo [&hellip;]<\/p>\n","protected":false},"author":1,"featured_media":17318,"comment_status":"open","ping_status":"open","sticky":false,"template":"","format":"standard","meta":{"rop_custom_images_group":[],"rop_custom_messages_group":[],"rop_publish_now":"initial","rop_publish_now_accounts":[],"rop_publish_now_history":[],"rop_publish_now_status":"pending","footnotes":""},"categories":[72],"tags":[23],"class_list":["post-17317","post","type-post","status-publish","format-standard","has-post-thumbnail","hentry","category-estado","tag-destacado"],"_links":{"self":[{"href":"https:\/\/notiissa.mx\/index.php?rest_route=\/wp\/v2\/posts\/17317","targetHints":{"allow":["GET"]}}],"collection":[{"href":"https:\/\/notiissa.mx\/index.php?rest_route=\/wp\/v2\/posts"}],"about":[{"href":"https:\/\/notiissa.mx\/index.php?rest_route=\/wp\/v2\/types\/post"}],"author":[{"embeddable":true,"href":"https:\/\/notiissa.mx\/index.php?rest_route=\/wp\/v2\/users\/1"}],"replies":[{"embeddable":true,"href":"https:\/\/notiissa.mx\/index.php?rest_route=%2Fwp%2Fv2%2Fcomments&post=17317"}],"version-history":[{"count":1,"href":"https:\/\/notiissa.mx\/index.php?rest_route=\/wp\/v2\/posts\/17317\/revisions"}],"predecessor-version":[{"id":17319,"href":"https:\/\/notiissa.mx\/index.php?rest_route=\/wp\/v2\/posts\/17317\/revisions\/17319"}],"wp:featuredmedia":[{"embeddable":true,"href":"https:\/\/notiissa.mx\/index.php?rest_route=\/wp\/v2\/media\/17318"}],"wp:attachment":[{"href":"https:\/\/notiissa.mx\/index.php?rest_route=%2Fwp%2Fv2%2Fmedia&parent=17317"}],"wp:term":[{"taxonomy":"category","embeddable":true,"href":"https:\/\/notiissa.mx\/index.php?rest_route=%2Fwp%2Fv2%2Fcategories&post=17317"},{"taxonomy":"post_tag","embeddable":true,"href":"https:\/\/notiissa.mx\/index.php?rest_route=%2Fwp%2Fv2%2Ftags&post=17317"}],"curies":[{"name":"wp","href":"https:\/\/api.w.org\/{rel}","templated":true}]}}