{"id":17051,"date":"2019-09-19T19:42:22","date_gmt":"2019-09-19T19:42:22","guid":{"rendered":"http:\/\/notiissa.mx\/?p=17051"},"modified":"2019-09-19T19:42:22","modified_gmt":"2019-09-19T19:42:22","slug":"solicitan-diputados-infraestructura-federal-para-chihuahua","status":"publish","type":"post","link":"https:\/\/notiissa.mx\/?p=17051","title":{"rendered":"Solicitan diputados Infraestructura Federal para Chihuahua"},"content":{"rendered":"<p>En voz del diputado local, Obed Lara Ch\u00e1vez, la Comisi\u00f3n de Desarrollo Municipal y Fortalecimiento del Federalismo del H. Congreso del Estado, exhort\u00f3 a la C\u00e1mara de Diputados del Honorable Congreso de la Uni\u00f3n para que se incorpore al Estado en el Plan Nacional de Desarrollo 2019-2024.<\/p>\n<p>La iniciativa fue propuesta por el Diputado integrante del Partido Revolucionario Institucional, Omar Baz\u00e1n Flores, donde hace menci\u00f3n de la falta Proyectos de Infraestructura, ya que la entidad s\u00f3lo est\u00e1 contemplada en dos programas especiales: \u201cSembrando Vidas y Zona Franca\u201d.<\/p>\n<p>Durante la lectura del dictamen, el legislador por el municipio de Cuauht\u00e9moc, Obed Lara, mencion\u00f3 que en los programas grandes de infraestructura y seguridad, el Estado de Chihuahua forma parte, por lo que la comisi\u00f3n decidi\u00f3 que la Federaci\u00f3n involucre a Chihuahua dentro de los Proyectos de Infraestructura del Presupuesto de Egresos 2020; mismo que ser\u00e1 analizado en el Plan Estatal de Desarrollo, as\u00ed como los contemplados en los 67 Planes Municipales de Desarrollo del Estado de Chihuahua.<\/p>\n<p>El presente dictamen fue aprobado por una mayor\u00eda de 20 votos y se buscar\u00e1 el an\u00e1lisis y discusi\u00f3n sea en conjunto con los legisladores locales y federales.<\/p>\n","protected":false},"excerpt":{"rendered":"<p>En voz del diputado local, Obed Lara Ch\u00e1vez, la Comisi\u00f3n de Desarrollo Municipal y Fortalecimiento del Federalismo del H. Congreso del Estado, exhort\u00f3 a la C\u00e1mara de Diputados del Honorable Congreso de la Uni\u00f3n para que se incorpore al Estado en el Plan Nacional de Desarrollo 2019-2024. La iniciativa fue propuesta por el Diputado integrante [&hellip;]<\/p>\n","protected":false},"author":1,"featured_media":17052,"comment_status":"open","ping_status":"open","sticky":false,"template":"","format":"standard","meta":{"rop_custom_images_group":[],"rop_custom_messages_group":[],"rop_publish_now":"initial","rop_publish_now_accounts":[],"rop_publish_now_history":[],"rop_publish_now_status":"pending","footnotes":""},"categories":[72],"tags":[23],"class_list":["post-17051","post","type-post","status-publish","format-standard","has-post-thumbnail","hentry","category-estado","tag-destacado"],"_links":{"self":[{"href":"https:\/\/notiissa.mx\/index.php?rest_route=\/wp\/v2\/posts\/17051","targetHints":{"allow":["GET"]}}],"collection":[{"href":"https:\/\/notiissa.mx\/index.php?rest_route=\/wp\/v2\/posts"}],"about":[{"href":"https:\/\/notiissa.mx\/index.php?rest_route=\/wp\/v2\/types\/post"}],"author":[{"embeddable":true,"href":"https:\/\/notiissa.mx\/index.php?rest_route=\/wp\/v2\/users\/1"}],"replies":[{"embeddable":true,"href":"https:\/\/notiissa.mx\/index.php?rest_route=%2Fwp%2Fv2%2Fcomments&post=17051"}],"version-history":[{"count":1,"href":"https:\/\/notiissa.mx\/index.php?rest_route=\/wp\/v2\/posts\/17051\/revisions"}],"predecessor-version":[{"id":17053,"href":"https:\/\/notiissa.mx\/index.php?rest_route=\/wp\/v2\/posts\/17051\/revisions\/17053"}],"wp:featuredmedia":[{"embeddable":true,"href":"https:\/\/notiissa.mx\/index.php?rest_route=\/wp\/v2\/media\/17052"}],"wp:attachment":[{"href":"https:\/\/notiissa.mx\/index.php?rest_route=%2Fwp%2Fv2%2Fmedia&parent=17051"}],"wp:term":[{"taxonomy":"category","embeddable":true,"href":"https:\/\/notiissa.mx\/index.php?rest_route=%2Fwp%2Fv2%2Fcategories&post=17051"},{"taxonomy":"post_tag","embeddable":true,"href":"https:\/\/notiissa.mx\/index.php?rest_route=%2Fwp%2Fv2%2Ftags&post=17051"}],"curies":[{"name":"wp","href":"https:\/\/api.w.org\/{rel}","templated":true}]}}