{"id":16965,"date":"2019-09-17T20:31:06","date_gmt":"2019-09-17T20:31:06","guid":{"rendered":"http:\/\/notiissa.mx\/?p=16965"},"modified":"2019-09-17T20:31:06","modified_gmt":"2019-09-17T20:31:06","slug":"recortes-afectaran-desarrollo-de-comunidades-indigenas-corral","status":"publish","type":"post","link":"https:\/\/notiissa.mx\/?p=16965","title":{"rendered":"Recortes afectar\u00e1n desarrollo de comunidades ind\u00edgenas: Corral"},"content":{"rendered":"<p class=\"yiv1809103776MsoNormal\">Luego de insistir en la urgencia de modificar la f\u00f3rmula de distribuci\u00f3n 20\/80 del Convenio de Coordinaci\u00f3n Fiscal para que estados y municipios reciban lo justo, el gobernador Javier Corral Jurado expres\u00f3 su preocupaci\u00f3n por los recortes en el Presupuesto Federal 2020 que afectar\u00e1n rubros como el desarrollo de las comunidades ind\u00edgenas, mantenimiento de carreteras y programas de concurrencia para el campo.<\/p>\n<p class=\"yiv1809103776MsoNormal\">En entrevista v\u00eda telef\u00f3nica con el periodista Pascal Beltr\u00e1n del Rio, en Imagen Radio, el gobernador se\u00f1al\u00f3 que hasta ahora no ha encontrado disposici\u00f3n\u00a0 del Gobierno Federal de escuchar los planteamientos que ha hecho desde que se dio a conocer el Presupuesto de Egresos de la Federaci\u00f3n entregado a la C\u00e1mara de Diputados.<\/p>\n<p class=\"yiv1809103776MsoNormal\">\u201cHasta ahora no ha habido ning\u00fan tipo de reacci\u00f3n. Yo creo que hay un desd\u00e9n por lo local y yo pienso que hay una subestimaci\u00f3n de la fuerza de lo local sobre la Federaci\u00f3n\u201d, indic\u00f3 el mandatario.<\/p>\n<p class=\"yiv1809103776MsoNormal\">Coment\u00f3 que ha andado pidiendo apoyos por cuestiones de proyectos y cit\u00f3 la terminaci\u00f3n del aeropuerto de Creel, el cual \u201chab\u00eda sido confirmado hasta cinco veces durante este a\u00f1o, pero la semana pasada nos dijeron: no, pues no hay nada firme\u201d.<\/p>\n<p class=\"yiv1809103776MsoNormal\">\u201cYo creo que hay mucha indolencia de lo local y se pierden en un c\u00e1lculo basado en las encuestas y, en fin, lo que no saben es que la pol\u00edtica es local y que lo que m\u00e1s le duele a la gente es cuando le afectan sus oportunidades de crecimiento y de desarrollo, y desde ese punto de vista yo creo que ese desd\u00e9n puede llegar a ser el inicio de una gran discusi\u00f3n en el pa\u00eds\u201d, indic\u00f3.<\/p>\n<p class=\"yiv1809103776MsoNormal\">Javier Corral reiter\u00f3 que\u00a0 el paquete econ\u00f3mico 2020 plantea de nueva cuenta, pero ahora con mayor crudeza, la necesidad de revisar en primer lugar la f\u00f3rmula general de distribuci\u00f3n de la recaudaci\u00f3n federal participable que s\u00f3lo entrega a las entidades federativas el 20 por ciento de los recursos y deja a la Federaci\u00f3n el 80 %.<\/p>\n<p class=\"yiv1809103776MsoNormal\">\u201cHoy m\u00e1s que nunca est\u00e1 siendo claro lo inequitativo, lo injusto que representa esa redistribuci\u00f3n del ingreso fiscal. Este convenio que data del 78, est\u00e1 desfasado, ya no cumple los objetivos del acuerdo entre la Federaci\u00f3n y los estados porque ha venido perdiendo, no solamente su actualizaci\u00f3n en varias f\u00f3rmulas con relaci\u00f3n a educaci\u00f3n, a la salud, sino que ya ni siquiera cubre el costo del dinero que es propiamente la inflaci\u00f3n\u201d, indic\u00f3 el gobernador.<\/p>\n<p>Por ello, se\u00f1al\u00f3 que es urgente una reuni\u00f3n de los gobernadores de todas las entidades, porque no es privativo solo de Chihuahua, aunque solo algunos hayan alzado la voz de alerta y preocupaci\u00f3n, frente a un trato injusto, inequitativo, de un presupuesto que se dice de la Federaci\u00f3n pero termina siendo del gobierno central.<\/p>\n<p class=\"yiv1809103776MsoNormal\">Record\u00f3 que el propio gobierno del presidente L\u00f3pez Obrador hab\u00eda anunciado que buscar\u00eda incrementar el 3 % de inversi\u00f3n en infraestructura, en obra p\u00fablica, pero est\u00e1 por debajo del 3 %, y esto con cargo a las entidades federativas.<\/p>\n<p class=\"yiv1809103776MsoNormal\">Otro tema que tambi\u00e9n resulta preocupante, abund\u00f3 el gobernador Javier Corral, son recortes a dependencias del Gobierno Federal en proyectos y programas de inversi\u00f3n que tienen repercusi\u00f3n en las entidades, particularmente el mantenimiento carretero, desarrollo rural, turismo, econom\u00eda, incluso en apoyos a comunidades ind\u00edgenas.<\/p>\n<p class=\"yiv1809103776MsoNormal\">\u201cEs muy merecido que en el Grito de la Independencia los pueblos ind\u00edgenas est\u00e9n en el recuerdo, y es un gran acierto, pero donde m\u00e1s deben estar es en el presupuesto, y no necesariamente as\u00ed se reflejan las cosas\u201d, indic\u00f3.<\/p>\n<p>Explic\u00f3 tambi\u00e9n que la reducci\u00f3n al Fondo General es de casi el 30 o 35 por ciento, del cual Chihuahua participa con una parte en convenios de concurrencia, sobre todo en infraestructura, para comunidades ind\u00edgenas de Chihuahua; la afectaci\u00f3n va a ser para todo el pa\u00eds, nos preocupa que \u00e1reas muy sensibles como desarrollo rural, programas de concurrencia, los hidroagr\u00edcolas, el seguro catastr\u00f3fico, traigan reducciones muy fuertes.<\/p>\n<p>\u201cYa de por s\u00ed traemos problemas muy severos varias entidades federativas por los d\u00e9ficit presupuestales operativos que nos heredaron, independientemente de las enormes deudas bancarias y burs\u00e1tiles que se dejaron a varias entidades como Chihuahua, como para todav\u00eda enfrentar este tipo de recortes\u201d, se\u00f1al\u00f3.<\/p>\n<p class=\"yiv1809103776MsoNormal\">Reiter\u00f3 que hay un desequilibrio en la formulaci\u00f3n del Presupuesto, entre lo que son programas sociales e infraestructura; el crecimiento del pa\u00eds se va a dar a partir de inversi\u00f3n productiva, y de infraestructura que atienda y sirva, no solamente a solucionar demandas b\u00e1sicas de la poblaci\u00f3n en servicios fundamentales, sino tambi\u00e9n que est\u00e9n asociados al desarrollo econ\u00f3mico, al crecimiento econ\u00f3mico, al desarrollo regional.<\/p>\n<p class=\"yiv1809103776MsoNormal\">\u201cLos mexicanos vivimos en municipios y en estados, y es ah\u00ed en donde se tiene que reflejar el mejoramiento de las condiciones de infraestructura para poder crecer, seguir entregando s\u00f3lo dinero p\u00fablicos a las personas no necesariamente va a generar esas metas y esos objetivos, puede llegar, s\u00ed, a crear una gran base de apoyo popular pero el pa\u00eds va a resentir una disminuci\u00f3n en su econom\u00eda, que de hecho se est\u00e1 advirtiendo en estos momentos\u201d, advirti\u00f3 el gobernador Corral.<\/p>\n<p class=\"yiv1809103776MsoNormal\">Respecto al tema de la posible descoordinaci\u00f3n fiscal, cuestion\u00f3: a ver, si t\u00fa est\u00e1s en un convenio en donde te va mal un a\u00f1o y el otro y el otro, lo primero que te tienes que preguntar es, bueno, \u00bfyo por qu\u00e9 sigo en este convenio?, si el \u00fanico que est\u00e1 poniendo son las entidades federativas.<\/p>\n<p class=\"yiv1809103776MsoNormal\">Por eso, se\u00f1al\u00f3 que lanz\u00f3 un planteamiento p\u00fablico, de analizar cu\u00e1l es el camino, las consecuencias, cu\u00e1les ser\u00edan los escenarios frente a una eventual descoordinaci\u00f3n fiscal, cu\u00e1les son los grav\u00e1menes que subsisten en ambos niveles de gobierno, cu\u00e1les podr\u00edamos recuperar nosotros por s\u00ed solos en t\u00e9rminos exclusivos, porque cuando uno firma el convenio de adhesi\u00f3n al Sistema Nacional de Coordinaci\u00f3n Fiscal, suspende pr\u00e1cticamente todas las contribuciones que antes Chihuahua cobraba, los estados tenemos suspendidos el cobro de todos nuestros impuestos para que lo haga la Federaci\u00f3n, y en ese sentido, s\u00ed, yo creo que tenemos que iniciar esa discusi\u00f3n.<\/p>\n<p class=\"yiv1809103776MsoNormal\">Al respecto, abund\u00f3 que ha recibido varias opiniones del sector empresarial y productivo, donde la propuesta de entrar a discutir esto ha sido muy bien acogida; \u201cyo veo incluso hasta entusiasmo de mucha gente y les he dicho que \u00e9ste es un an\u00e1lisis, es un escenario, que lo tenemos que hacer muy profesionalmente, exactamente para saber c\u00f3mo nos ir\u00eda en el plazo inmediato\u201d.<\/p>\n<p class=\"yiv1809103776MsoNormal\">Porque, advirti\u00f3, \u201cde que esto siga as\u00ed Chihuahua no va a tener otra, sea con este o con otro gobierno,\u00a0 Chihuahua se tendr\u00eda que desincorporar porque aqu\u00ed ya estamos perdiendo, estamos perdiendo con relaci\u00f3n a lo que aportamos al Producto Interno Bruto del pa\u00eds, estamos perdiendo con relaci\u00f3n en muchos otros temas\u201d.<\/p>\n","protected":false},"excerpt":{"rendered":"<p>Luego de insistir en la urgencia de modificar la f\u00f3rmula de distribuci\u00f3n 20\/80 del Convenio de Coordinaci\u00f3n Fiscal para que estados y municipios reciban lo justo, el gobernador Javier Corral Jurado expres\u00f3 su preocupaci\u00f3n por los recortes en el Presupuesto Federal 2020 que afectar\u00e1n rubros como el desarrollo de las comunidades ind\u00edgenas, mantenimiento de carreteras [&hellip;]<\/p>\n","protected":false},"author":1,"featured_media":16966,"comment_status":"open","ping_status":"open","sticky":false,"template":"","format":"standard","meta":{"rop_custom_images_group":[],"rop_custom_messages_group":[],"rop_publish_now":"initial","rop_publish_now_accounts":[],"rop_publish_now_history":[],"rop_publish_now_status":"pending","footnotes":""},"categories":[72],"tags":[23],"class_list":["post-16965","post","type-post","status-publish","format-standard","has-post-thumbnail","hentry","category-estado","tag-destacado"],"_links":{"self":[{"href":"https:\/\/notiissa.mx\/index.php?rest_route=\/wp\/v2\/posts\/16965","targetHints":{"allow":["GET"]}}],"collection":[{"href":"https:\/\/notiissa.mx\/index.php?rest_route=\/wp\/v2\/posts"}],"about":[{"href":"https:\/\/notiissa.mx\/index.php?rest_route=\/wp\/v2\/types\/post"}],"author":[{"embeddable":true,"href":"https:\/\/notiissa.mx\/index.php?rest_route=\/wp\/v2\/users\/1"}],"replies":[{"embeddable":true,"href":"https:\/\/notiissa.mx\/index.php?rest_route=%2Fwp%2Fv2%2Fcomments&post=16965"}],"version-history":[{"count":1,"href":"https:\/\/notiissa.mx\/index.php?rest_route=\/wp\/v2\/posts\/16965\/revisions"}],"predecessor-version":[{"id":16967,"href":"https:\/\/notiissa.mx\/index.php?rest_route=\/wp\/v2\/posts\/16965\/revisions\/16967"}],"wp:featuredmedia":[{"embeddable":true,"href":"https:\/\/notiissa.mx\/index.php?rest_route=\/wp\/v2\/media\/16966"}],"wp:attachment":[{"href":"https:\/\/notiissa.mx\/index.php?rest_route=%2Fwp%2Fv2%2Fmedia&parent=16965"}],"wp:term":[{"taxonomy":"category","embeddable":true,"href":"https:\/\/notiissa.mx\/index.php?rest_route=%2Fwp%2Fv2%2Fcategories&post=16965"},{"taxonomy":"post_tag","embeddable":true,"href":"https:\/\/notiissa.mx\/index.php?rest_route=%2Fwp%2Fv2%2Ftags&post=16965"}],"curies":[{"name":"wp","href":"https:\/\/api.w.org\/{rel}","templated":true}]}}