{"id":16883,"date":"2019-09-13T18:20:59","date_gmt":"2019-09-13T18:20:59","guid":{"rendered":"http:\/\/notiissa.mx\/?p=16883"},"modified":"2019-09-13T18:20:59","modified_gmt":"2019-09-13T18:20:59","slug":"despapaye-de-la-historia-patria-el-origen","status":"publish","type":"post","link":"https:\/\/notiissa.mx\/?p=16883","title":{"rendered":"DESPAPAYE DE LA HISTORIA PATRIA: EL ORIGEN"},"content":{"rendered":"<p>Ya entrados (conste que lo que me inspira no es el arguende ni echarles a perder la celebraci\u00f3n de las fiestas patrias, sino compartir con ustedes algunas notas de la historia nacional),\u00a0 resulta interesante comprender c\u00f3mo y cu\u00e1ndo llegamos a esa noci\u00f3n idiota de que los ind\u00edgenas precolombinos constituyen, ellos solitos y prescindiendo del aporte espa\u00f1ol, el germen de la mexicanidad.<\/p>\n<p>Resulta que hace muchos, muchos, muchos a\u00f1os\u00a0\u2014para ser exactos 1843\u2014, hab\u00eda un se\u00f1or llamado Manuel\u00a0Larrainzar\u00a0quien, para defender la invasi\u00f3n de M\u00e9xico a Guatemala con el af\u00e1n de apoderarse del Soconusco, tuvo la peregrina idea de retrotraerse a los remotos, y discutibles, or\u00edgenes de las naciones ind\u00edgenas que poblaban esas tierras.<\/p>\n<p>En efecto, con pedanter\u00eda de acad\u00e9mico neoconstitucionalista y grandilocuencia de pol\u00edtico de quinta\u00a0\u2014que, para nuestra desgracia, ya no nos iba a dejar jam\u00e1s\u2014, el angelito escribi\u00f3 en el pr\u00f3logo de su obra: \u201c<i>El deber pone la pluma en mi mano para escribir sobre Soconusco: su incorporaci\u00f3n a la Rep\u00fablica mexicana ha llamado la atenci\u00f3n p\u00fablica: el gobierno del estado de Guatemala, y varios escritores de Centro-Am\u00e9rica han presentado este suceso con un car\u00e1cter odioso<\/i>\u201d.<sup>1<\/sup>\u00a0N\u00f3tese, el librito lo escribi\u00f3 con aires de refutaci\u00f3n, porque algunos, en la ofendida Guatemala, v\u00edctima del despojo mexicano, osaban quejarse de la intrusi\u00f3n extranjera.<\/p>\n<p>No conforme,\u00a0Larrainzar\u00a0funda su dicho en una leg\u00edtima, l\u00edmpida y l\u00edrica intenci\u00f3n: \u201c<i>haciendo sentir<\/i>\u00a0(merced a su pluma)\u00a0<i>la fuerza de la verdad, y fundando la justicia con que ha procedido el gobierno de M\u00e9xico en este asunto, ese es el objeto que me propongo: yo no podr\u00eda callar\u00a0<\/i>[\u2026]\u00a0<i>mi silencio pondr\u00eda sobre mi frente un sello de deshonor y de ignominia, y no puedo resignarme a semejante destino<\/i>\u201d.<sup>2<\/sup>\u00a0\u00a1Mocos!<\/p>\n<p>Ah\u00ed es cuando torci\u00f3 la puerca el rabo porque, en la relaci\u00f3n que\u00a0Larrainzar\u00a0hace para justificar \u201cla propiedad\u201d de M\u00e9xico sobre la regi\u00f3n, se remonta, lo menos, seiscientos a\u00f1os: \u201c<i>Los olmecas, raza enemiga de los que habitaban estos pa\u00edses, y con quien ya otra vez hab\u00edan estado en guerra, invadieron con un ej\u00e9rcito numeroso, y despu\u00e9s de una lucha sangrienta, vencieron y sometieron a los habitantes de Soconusco<\/i>\u00a0[\u2026]<i>\u00a0Despu\u00e9s de la invasi\u00f3n de los olmecas, se sigui\u00f3 la de los toltecas, capitaneados por Nimaquiche, quien en la divisi\u00f3n que hicieron de la nueva regi\u00f3n\u00a0<\/i>(dio a un hermano el se\u00f1or\u00edo de los mames)<i>\u00a0en que estaba comprendida la provincia de Soconusco<\/i>\u201d.<sup>3<\/sup><\/p>\n<p>Don Manuel, que era abogado, y Ministro propietario del Tribunal Superior de justicia del Departamento de Chiapas, ha de haber sido uno muy mediocre en el ejercicio de su profesi\u00f3n; posiblemente al escribir esos p\u00e1rrafos no se acordaba de sus clases de derecho romano y de la figura de la usucapi\u00f3n; pretender una \u201clegitimidad\u201d que deriva de una \u201cpropiedad\u201d (dudosa por lo dem\u00e1s) de m\u00e1s de seiscientos a\u00f1os, obtenida con el uso de la fuerza, es tan absurdo como justificar el holocausto del pueblo palestino a manos jud\u00edas sobre la base de un derecho adquirido hace tres o cuatro mil a\u00f1os.<\/p>\n<p>Como sea, esa taradez de identificar a los pueblos nativos originarios con los mexicanos de hoga\u00f1o\u00a0\u2014sin ese \u201ctoque\u201d espa\u00f1ol del que dan cuenta nuestro idioma, nuestra sangre, nuestro monote\u00edsmo, etc.\u2014 es polvo de aquellos lodos.<\/p>\n<p>\u00a1Cu\u00e1nto da\u00f1o le hizo la grandilocuencia y la memez de\u00a0Manuel\u00a0Larrainzar a M\u00e9xico! Desde entonces, en asuntos de identidad nacional, los mexicanos andamos como ni\u00f1os jugando al \u201cmamaleche\u201d: a la patita coja.<\/p>\n<p>Cont\u00e1cteme a trav\u00e9s de mi correo electr\u00f3nico o s\u00edgame en los medios que gentilmente me publican, en\u00a0Facebook\u00a0o tambi\u00e9n en mi blog:\u00a0<i>http:\/\/unareflexionpersonal.wordpress.com\/<\/i><\/p>\n<p align=\"center\"><b>Luis Villegas Montes.<\/b><b><\/b><\/p>\n<p align=\"center\"><b>luvimo6608@gmail.com,\u00a0luvimo6614@hotmail.com<\/b><\/p>\n<p>1\u00a0LARRAINZAR,\u00a0Manuel. Noticia hist\u00f3rica de\u00a0Soconusco y su incorporaci\u00f3n a la Rep\u00fablica Mexicana, Imprenta de J.A. Lara, M\u00e9xico, 1843, p\u00e1g. III.<\/p>\n<p>2\u00a0<i>Ib\u00eddem<\/i>.<\/p>\n<p>3\u00a0<i>\u00cddem<\/i>., p\u00e1gs. 8 y 10.<\/p>\n","protected":false},"excerpt":{"rendered":"<p>Ya entrados (conste que lo que me inspira no es el arguende ni echarles a perder la celebraci\u00f3n de las fiestas patrias, sino compartir con ustedes algunas notas de la historia nacional),\u00a0 resulta interesante comprender c\u00f3mo y cu\u00e1ndo llegamos a esa noci\u00f3n idiota de que los ind\u00edgenas precolombinos constituyen, ellos solitos y prescindiendo del aporte [&hellip;]<\/p>\n","protected":false},"author":1,"featured_media":16884,"comment_status":"open","ping_status":"open","sticky":false,"template":"","format":"standard","meta":{"rop_custom_images_group":[],"rop_custom_messages_group":[],"rop_publish_now":"initial","rop_publish_now_accounts":[],"rop_publish_now_history":[],"rop_publish_now_status":"pending","footnotes":""},"categories":[77],"tags":[],"class_list":["post-16883","post","type-post","status-publish","format-standard","has-post-thumbnail","hentry","category-ni-lectoris"],"_links":{"self":[{"href":"https:\/\/notiissa.mx\/index.php?rest_route=\/wp\/v2\/posts\/16883","targetHints":{"allow":["GET"]}}],"collection":[{"href":"https:\/\/notiissa.mx\/index.php?rest_route=\/wp\/v2\/posts"}],"about":[{"href":"https:\/\/notiissa.mx\/index.php?rest_route=\/wp\/v2\/types\/post"}],"author":[{"embeddable":true,"href":"https:\/\/notiissa.mx\/index.php?rest_route=\/wp\/v2\/users\/1"}],"replies":[{"embeddable":true,"href":"https:\/\/notiissa.mx\/index.php?rest_route=%2Fwp%2Fv2%2Fcomments&post=16883"}],"version-history":[{"count":1,"href":"https:\/\/notiissa.mx\/index.php?rest_route=\/wp\/v2\/posts\/16883\/revisions"}],"predecessor-version":[{"id":16885,"href":"https:\/\/notiissa.mx\/index.php?rest_route=\/wp\/v2\/posts\/16883\/revisions\/16885"}],"wp:featuredmedia":[{"embeddable":true,"href":"https:\/\/notiissa.mx\/index.php?rest_route=\/wp\/v2\/media\/16884"}],"wp:attachment":[{"href":"https:\/\/notiissa.mx\/index.php?rest_route=%2Fwp%2Fv2%2Fmedia&parent=16883"}],"wp:term":[{"taxonomy":"category","embeddable":true,"href":"https:\/\/notiissa.mx\/index.php?rest_route=%2Fwp%2Fv2%2Fcategories&post=16883"},{"taxonomy":"post_tag","embeddable":true,"href":"https:\/\/notiissa.mx\/index.php?rest_route=%2Fwp%2Fv2%2Ftags&post=16883"}],"curies":[{"name":"wp","href":"https:\/\/api.w.org\/{rel}","templated":true}]}}