{"id":16518,"date":"2019-09-01T23:47:22","date_gmt":"2019-09-01T23:47:22","guid":{"rendered":"http:\/\/notiissa.mx\/?p=16518"},"modified":"2019-09-02T00:21:02","modified_gmt":"2019-09-02T00:21:02","slug":"inicia-congreso-de-chihuahua-los-trabajos-del-segundo-ano-legislativo","status":"publish","type":"post","link":"https:\/\/notiissa.mx\/?p=16518","title":{"rendered":"Inicia Congreso los trabajos del Segundo A\u00f1o Legislativo"},"content":{"rendered":"<p>En Sesi\u00f3n Solemne del Congreso, encabezados por representantes de los Tres Poderes del Estado, integrantes de la Sexag\u00e9sima Sexta Legislatura de Chihuahua iniciaron este 1 de septiembre del 2019, los trabajos del Primer Periodo Ordinario de Sesiones del Segundo A\u00f1o de Ejercicio Constitucional.<\/p>\n<p>Con la representaci\u00f3n de los Tres Poderes del Estado, el Presidente del Congreso de Chihuahua, diputado Ren\u00e9 Fr\u00edas Bencomo dio lectura al Decreto de inicio del Primer Periodo, as\u00ed como al Decreto de designaci\u00f3n de la Mesa Directiva que dirigir\u00e1 los trabajos a partir de este 1 de septiembre y hasta el 31 agosto del 2020.<\/p>\n<p>Fr\u00edas Bencomo, emiti\u00f3 un mensaje en el cual resalt\u00f3 que este a\u00f1o legislativo que apenas inicia, ser\u00e1 de grandes retos, de intenso trabajo de buscar consensos y encontrar c\u00f3mo las fuerzas pol\u00edticas converger\u00e1n en el Congreso para dejar de lado los intereses partidistas en el mayor y \u00fanico inter\u00e9s de hacer el bien para el beneficio de los y las chihuahuenses.<\/p>\n<p>\u201cSeamos un Congreso de vanguardia y visionario que permita reconocer las necesidades del Estado, hagamos que los chihuahuenses se sientan verdaderamente representados por quienes integramos el Poder Legislativo y honremos las palabras emitidas cuando rendimos protesta\u201d.<br \/>\nEl acto Solemne cont\u00f3 con la presencia\u00a0 Luis Fernando Mesta Soul\u00e9, Secretario General de Gobierno, en representaci\u00f3n del Gobernador del Estado, Javier Corral Jurado, y del Magistrado Presidente del\u00a0 Tribunal Superior de Justicia del Estado Pablo H\u00e9ctor Gonz\u00e1lez Villalobos.<br \/>\nCabe mencionar que las sesiones del Periodo Ordinario se llevar\u00e1n a cabo martes y jueves, a las 11:00 horas, en el Recinto Legislativo.<\/p>\n<p>&nbsp;<\/p>\n","protected":false},"excerpt":{"rendered":"<p>En Sesi\u00f3n Solemne del Congreso, encabezados por representantes de los Tres Poderes del Estado, integrantes de la Sexag\u00e9sima Sexta Legislatura de Chihuahua iniciaron este 1 de septiembre del 2019, los trabajos del Primer Periodo Ordinario de Sesiones del Segundo A\u00f1o de Ejercicio Constitucional. Con la representaci\u00f3n de los Tres Poderes del Estado, el Presidente del [&hellip;]<\/p>\n","protected":false},"author":1,"featured_media":16519,"comment_status":"open","ping_status":"open","sticky":false,"template":"","format":"standard","meta":{"rop_custom_images_group":[],"rop_custom_messages_group":[],"rop_publish_now":"initial","rop_publish_now_accounts":[],"rop_publish_now_history":[],"rop_publish_now_status":"pending","footnotes":""},"categories":[72],"tags":[23],"class_list":["post-16518","post","type-post","status-publish","format-standard","has-post-thumbnail","hentry","category-estado","tag-destacado"],"_links":{"self":[{"href":"https:\/\/notiissa.mx\/index.php?rest_route=\/wp\/v2\/posts\/16518","targetHints":{"allow":["GET"]}}],"collection":[{"href":"https:\/\/notiissa.mx\/index.php?rest_route=\/wp\/v2\/posts"}],"about":[{"href":"https:\/\/notiissa.mx\/index.php?rest_route=\/wp\/v2\/types\/post"}],"author":[{"embeddable":true,"href":"https:\/\/notiissa.mx\/index.php?rest_route=\/wp\/v2\/users\/1"}],"replies":[{"embeddable":true,"href":"https:\/\/notiissa.mx\/index.php?rest_route=%2Fwp%2Fv2%2Fcomments&post=16518"}],"version-history":[{"count":4,"href":"https:\/\/notiissa.mx\/index.php?rest_route=\/wp\/v2\/posts\/16518\/revisions"}],"predecessor-version":[{"id":16531,"href":"https:\/\/notiissa.mx\/index.php?rest_route=\/wp\/v2\/posts\/16518\/revisions\/16531"}],"wp:featuredmedia":[{"embeddable":true,"href":"https:\/\/notiissa.mx\/index.php?rest_route=\/wp\/v2\/media\/16519"}],"wp:attachment":[{"href":"https:\/\/notiissa.mx\/index.php?rest_route=%2Fwp%2Fv2%2Fmedia&parent=16518"}],"wp:term":[{"taxonomy":"category","embeddable":true,"href":"https:\/\/notiissa.mx\/index.php?rest_route=%2Fwp%2Fv2%2Fcategories&post=16518"},{"taxonomy":"post_tag","embeddable":true,"href":"https:\/\/notiissa.mx\/index.php?rest_route=%2Fwp%2Fv2%2Ftags&post=16518"}],"curies":[{"name":"wp","href":"https:\/\/api.w.org\/{rel}","templated":true}]}}