{"id":16417,"date":"2019-08-29T15:10:54","date_gmt":"2019-08-29T15:10:54","guid":{"rendered":"http:\/\/notiissa.mx\/?p=16417"},"modified":"2019-08-29T15:10:54","modified_gmt":"2019-08-29T15:10:54","slug":"da-la-bienvenida-al-otono-en-tu-cabello-con-estas-tendencias-en-coloracion","status":"publish","type":"post","link":"https:\/\/notiissa.mx\/?p=16417","title":{"rendered":"Da la bienvenida al oto\u00f1o en tu cabello con estas tendencias en coloraci\u00f3n"},"content":{"rendered":"<p id=\"yui_3_18_0_3_1567090407483_1687\">Se acerca el oto\u00f1o y con \u00e9l, los tonos casta\u00f1os y rojizos toman protagonismo en las cabelleras. Eso s\u00ed, los rubios y rosados siguen en boga. Toma nota de las tendencias en coloraci\u00f3n que se vienen.<\/p>\n<h2><strong>Rubio con ra\u00edces oscuras<\/strong><\/h2>\n<p id=\"yui_3_18_0_3_1567090407483_1693\">Margot Robbie es el ejemplo perfecto de esta tendencia que luce c\u00f3moda y sin esfuerzo. Da la apariencia de ra\u00edces crecidas, pero se puede resolver con mechas potentes y un color oscuro de sombra, para contrastar, como recalca la estilista\u00a0Nicole Leal. Tiene adem\u00e1s una ventaja, pues puedes jugar con tu <em>look<\/em>: en un d\u00eda oscuro por ejemplo, lo dejas suelto para que los tonos claros enmarquen tu rostro.<\/p>\n<p>Ahora bien, si te gusta la idea de tener las ra\u00edces m\u00e1s oscuras, pero no tan marcadas, esta opci\u00f3n es para ti, adem\u00e1s de que <strong>requiere menos mantenimiento<\/strong>, como sostiene la colorista\u00a0Stephanie Brown. <strong>Es una gran forma de agregar profundidad a los rubios y dar la bienvenida al oto\u00f1o.<\/strong><\/p>\n<h2 id=\"yui_3_18_0_3_1567090407483_1702\"><strong id=\"yui_3_18_0_3_1567090407483_1701\">Vino c\u00e1lido<\/strong><\/h2>\n<p id=\"yui_3_18_0_3_1567090407483_1703\">Uno de los tonos m\u00e1s distintivos del oto\u00f1o es el rojo, pero el color vino le agrega profundidad, adem\u00e1s de a\u00f1adir toques casta\u00f1os que lo hacen ver m\u00e1s natural. Eso s\u00ed, el rojo tiende a deslavarse m\u00e1s r\u00e1pido, por lo que requiere retoques, especialmente ba\u00f1os de brillo y champ\u00fas m\u00e1s especializados, se\u00f1ala Leal.<\/p>\n<h2 id=\"yui_3_18_0_3_1567090407483_1707\"><strong id=\"yui_3_18_0_3_1567090407483_1706\">Rosa pastel<\/strong><\/h2>\n<p id=\"yui_3_18_0_3_1567090407483_1711\">La futbolista estadounidense Megan Rapinoe nos recuerda que <strong>esta tendencia sigue y fuerte, durante el oto\u00f1o<\/strong>, en parte porque son tonos divertidos con los que experimentar.<\/p>\n<p>Una buena forma de probar esta tendencia es con oro rosa, que va bien con casi cualquier tono de piel.<\/p>\n<h2 id=\"yui_3_18_0_3_1567090407483_1716\"><strong id=\"yui_3_18_0_3_1567090407483_1715\">Rubio platino<\/strong><\/h2>\n<p id=\"yui_3_18_0_3_1567090407483_1718\">Lleva a\u00f1os como una tendencia, y no desaparecer\u00e1 todav\u00eda. Eso s\u00ed, requiere bastante mantenimiento. Una forma de ayudarte con ello es agregar un efecto de ra\u00edces oscuras, como Lady Gaga, muy <em>effortless.<\/em><\/p>\n<h2 id=\"yui_3_18_0_3_1567090407483_1723\"><strong id=\"yui_3_18_0_3_1567090407483_1722\">Casta\u00f1o chocolate \u2018fr\u00edo\u2019 o reflejos miel<\/strong><\/h2>\n<p id=\"yui_3_18_0_3_1567090407483_1724\">Es el nombre que le otorga el estilista\u00a0Chris Appleton, pues se trata de agregar reflejos chocolate m\u00e1s fr\u00edos, como se estilaba en los 90\u2019s.<\/p>\n<p id=\"yui_3_18_0_3_1567090407483_1732\"><strong id=\"yui_3_18_0_3_1567090407483_1731\">Pero esta opci\u00f3n, que adem\u00e1s es perfecta para las casta\u00f1as, es ideal para darle al cabello un brillo natural,<\/strong> y se puede lograr con tonos miel, como recomienda\u00a0Nick Stenson. Eso s\u00ed, agrega a tu rutina de sal\u00f3n un ba\u00f1o de brillo para darle m\u00e1s profundidad.<\/p>\n<h2><strong>Miel degradado<\/strong><\/h2>\n<p id=\"yui_3_18_0_3_1567090407483_1734\">Seguimos en las tonalidades casta\u00f1as y miel, pero en este caso es m\u00e1s que solo unos reflejos, pues se agrega el <em>ombr\u00e9<\/em>, otra tendencia cl\u00e1sica de los a\u00f1os 90. Es adem\u00e1s <strong>una opci\u00f3n que se ve muy natural<\/strong>, especialmente entre las casta\u00f1as, pues el sol y el agua del verano suelen agregar tonos c\u00e1lidos a sus cabelleras.<\/p>\n<p><span id=\"yui_3_18_0_3_1567090407483_1884\" class=\"Provider Pend-6\">Yahoo Vida y Estilo<\/span><\/p>\n","protected":false},"excerpt":{"rendered":"<p>Se acerca el oto\u00f1o y con \u00e9l, los tonos casta\u00f1os y rojizos toman protagonismo en las cabelleras. Eso s\u00ed, los rubios y rosados siguen en boga. Toma nota de las tendencias en coloraci\u00f3n que se vienen. Rubio con ra\u00edces oscuras Margot Robbie es el ejemplo perfecto de esta tendencia que luce c\u00f3moda y sin esfuerzo. [&hellip;]<\/p>\n","protected":false},"author":1,"featured_media":16418,"comment_status":"open","ping_status":"open","sticky":false,"template":"","format":"standard","meta":{"rop_custom_images_group":[],"rop_custom_messages_group":[],"rop_publish_now":"initial","rop_publish_now_accounts":[],"rop_publish_now_history":[],"rop_publish_now_status":"pending","footnotes":""},"categories":[66],"tags":[],"class_list":["post-16417","post","type-post","status-publish","format-standard","has-post-thumbnail","hentry","category-estilo-de-vida"],"_links":{"self":[{"href":"https:\/\/notiissa.mx\/index.php?rest_route=\/wp\/v2\/posts\/16417","targetHints":{"allow":["GET"]}}],"collection":[{"href":"https:\/\/notiissa.mx\/index.php?rest_route=\/wp\/v2\/posts"}],"about":[{"href":"https:\/\/notiissa.mx\/index.php?rest_route=\/wp\/v2\/types\/post"}],"author":[{"embeddable":true,"href":"https:\/\/notiissa.mx\/index.php?rest_route=\/wp\/v2\/users\/1"}],"replies":[{"embeddable":true,"href":"https:\/\/notiissa.mx\/index.php?rest_route=%2Fwp%2Fv2%2Fcomments&post=16417"}],"version-history":[{"count":1,"href":"https:\/\/notiissa.mx\/index.php?rest_route=\/wp\/v2\/posts\/16417\/revisions"}],"predecessor-version":[{"id":16419,"href":"https:\/\/notiissa.mx\/index.php?rest_route=\/wp\/v2\/posts\/16417\/revisions\/16419"}],"wp:featuredmedia":[{"embeddable":true,"href":"https:\/\/notiissa.mx\/index.php?rest_route=\/wp\/v2\/media\/16418"}],"wp:attachment":[{"href":"https:\/\/notiissa.mx\/index.php?rest_route=%2Fwp%2Fv2%2Fmedia&parent=16417"}],"wp:term":[{"taxonomy":"category","embeddable":true,"href":"https:\/\/notiissa.mx\/index.php?rest_route=%2Fwp%2Fv2%2Fcategories&post=16417"},{"taxonomy":"post_tag","embeddable":true,"href":"https:\/\/notiissa.mx\/index.php?rest_route=%2Fwp%2Fv2%2Ftags&post=16417"}],"curies":[{"name":"wp","href":"https:\/\/api.w.org\/{rel}","templated":true}]}}