{"id":16241,"date":"2019-08-22T14:51:48","date_gmt":"2019-08-22T14:51:48","guid":{"rendered":"http:\/\/notiissa.mx\/?p=16241"},"modified":"2019-08-22T14:51:48","modified_gmt":"2019-08-22T14:51:48","slug":"inician-eventos-por-el-dia-del-bombero","status":"publish","type":"post","link":"https:\/\/notiissa.mx\/?p=16241","title":{"rendered":"Inician eventos por el D\u00eda del Bombero"},"content":{"rendered":"<div>\n<p>Con una muestra fotogr\u00e1fica y de objetos de uso ordinario en la labor propia de los elementos del Cuerpo de Bomberos, as\u00ed como la din\u00e1mica \u201cPonte en Mis Botas\u201d, el Gobierno Municipal a trav\u00e9s de la Direcci\u00f3n de Seguridad P\u00fablica dio inicio a los festejos para conmemorar el D\u00eda Nacional del Bombero con una serie de eventos que se realizar\u00e1n del 20 al 25 de agosto los cuales incluyen la tradicional misa de Gracias y Guardia de Honor en el monumento al bombero ca\u00eddo, ubicado en el corredor comercial de la calle Libertad.<\/p>\n<p>La muestra fotogr\u00e1fica fue inaugurada con la presencia de los bomberos retirados Ram\u00f3n Verduzco, Mario P\u00e9rez y Eloy S\u00e1nchez y estar\u00e1 abierta al p\u00fablico en general hasta el domingo 25 de agosto\u00a0en el Sal\u00f3n Consistorial de la Presidencia Municipal, y se podr\u00e1 apreciar la evoluci\u00f3n del departamento a lo largo de los a\u00f1os, as\u00ed como fotos y narraciones en la bit\u00e1cora original de incidentes tan lamentables como la tromba de 1990 o el incendio ocurrido el 22 de septiembre del 2006 en la calle libertad, donde perdieron la vida 2 bomberos, seg\u00fan explic\u00f3 el coordinador Joel Estrada Castillo.<\/p>\n<p>Asimismo, con la presencia del director de Seguridad P\u00fablica Gilberto Loya, regidores y empresarios, se realiz\u00f3 en la comandancia Norte la din\u00e1mica \u201cPonte en mis Botas\u201d que consiste en sensibilizar a los asistentes participando en actividades simuladas de rescate de personas en ambientes confinados\u00a0con humo y al interior de un auto siniestrado, as\u00ed como combate de fuego con agua en una vivienda.<\/p>\n<p>En este evento, los regidores Alejandro Mor\u00e1n, Luis Terrazas y Carlos Orozco, se pusieron los trajes de bombero para realizar la din\u00e1mica completa junto al empresario Sergio Camacho de la Escuela de Bomberos, quien acudi\u00f3 en representaci\u00f3n de Canacintra, as\u00ed como los reporteros Roberto \u00c1lvarez de El Heraldo y Francisco Mat\u00e1n de El Diario de Chihuahua.<\/p>\n<p>En su mensaje de bienvenida, tanto a los ya mencionados como a los representantes de la 5\u00aa. Zona Militar y las polic\u00edas Estatal y Federal, el director de Gilberto Loya Ch\u00e1vez, destac\u00f3 la importancia del trabajo que realizan los elementos del Heroico Cuerpo de Bomberos y pese a que son considerados h\u00e9roes por la comunidad, poco se sabe del trabajo tan arriesgado que realizan, por eso,\u00a0la presente administraci\u00f3n\u00a0hace\u00a0el esfuerzo por dotarlos del equipo necesario para combate a siniestros como para su propia seguridad.<\/p>\n<p>Las actividades por el D\u00eda del Bombero continuar\u00e1n el d\u00eda jueves 22 de agosto a las 8 horas con una misa en la Catedral, para continuar con la tradicional foto del recuerdo, Guardia de Honor en la calle Libertad y una comida en un sal\u00f3n de eventos ubicado por el perif\u00e9rico de la Juventud.<\/p>\n<p>Finalmente, el viernes 23 de agosto se contempla la realizaci\u00f3n de un torneo rel\u00e1mpago de boliche; el s\u00e1bado 24 y domingo 25 se llevaran a cabo el Combat Challenge o Campeonato de Combate entre bomberos locales contra otros municipios como una forma de convivir y estrechar relaciones<\/p>\n<\/div>\n","protected":false},"excerpt":{"rendered":"<p>Con una muestra fotogr\u00e1fica y de objetos de uso ordinario en la labor propia de los elementos del Cuerpo de Bomberos, as\u00ed como la din\u00e1mica \u201cPonte en Mis Botas\u201d, el Gobierno Municipal a trav\u00e9s de la Direcci\u00f3n de Seguridad P\u00fablica dio inicio a los festejos para conmemorar el D\u00eda Nacional del Bombero con una serie [&hellip;]<\/p>\n","protected":false},"author":1,"featured_media":16242,"comment_status":"open","ping_status":"open","sticky":false,"template":"","format":"standard","meta":{"rop_custom_images_group":[],"rop_custom_messages_group":[],"rop_publish_now":"initial","rop_publish_now_accounts":[],"rop_publish_now_history":[],"rop_publish_now_status":"pending","footnotes":""},"categories":[67],"tags":[23],"class_list":["post-16241","post","type-post","status-publish","format-standard","has-post-thumbnail","hentry","category-ciudad","tag-destacado"],"_links":{"self":[{"href":"https:\/\/notiissa.mx\/index.php?rest_route=\/wp\/v2\/posts\/16241","targetHints":{"allow":["GET"]}}],"collection":[{"href":"https:\/\/notiissa.mx\/index.php?rest_route=\/wp\/v2\/posts"}],"about":[{"href":"https:\/\/notiissa.mx\/index.php?rest_route=\/wp\/v2\/types\/post"}],"author":[{"embeddable":true,"href":"https:\/\/notiissa.mx\/index.php?rest_route=\/wp\/v2\/users\/1"}],"replies":[{"embeddable":true,"href":"https:\/\/notiissa.mx\/index.php?rest_route=%2Fwp%2Fv2%2Fcomments&post=16241"}],"version-history":[{"count":1,"href":"https:\/\/notiissa.mx\/index.php?rest_route=\/wp\/v2\/posts\/16241\/revisions"}],"predecessor-version":[{"id":16243,"href":"https:\/\/notiissa.mx\/index.php?rest_route=\/wp\/v2\/posts\/16241\/revisions\/16243"}],"wp:featuredmedia":[{"embeddable":true,"href":"https:\/\/notiissa.mx\/index.php?rest_route=\/wp\/v2\/media\/16242"}],"wp:attachment":[{"href":"https:\/\/notiissa.mx\/index.php?rest_route=%2Fwp%2Fv2%2Fmedia&parent=16241"}],"wp:term":[{"taxonomy":"category","embeddable":true,"href":"https:\/\/notiissa.mx\/index.php?rest_route=%2Fwp%2Fv2%2Fcategories&post=16241"},{"taxonomy":"post_tag","embeddable":true,"href":"https:\/\/notiissa.mx\/index.php?rest_route=%2Fwp%2Fv2%2Ftags&post=16241"}],"curies":[{"name":"wp","href":"https:\/\/api.w.org\/{rel}","templated":true}]}}